{"id":11082,"date":"2024-02-25T16:07:02","date_gmt":"2024-02-25T15:07:02","guid":{"rendered":"https:\/\/kirche-hilsbach-weiler.de\/hw\/?p=11082"},"modified":"2024-02-25T16:17:17","modified_gmt":"2024-02-25T15:17:17","slug":"invocanto-konzert-2","status":"publish","type":"post","link":"https:\/\/kirche-hilsbach-weiler.de\/hw\/?p=11082","title":{"rendered":"invocanto-Konzert"},"content":{"rendered":"<p><strong><a href=\"https:\/\/i0.wp.com\/kirche-hilsbach-weiler.de\/hw\/wp-content\/uploads\/2024\/02\/invocanto_03-2024_l.jpg?ssl=1\" data-src=\"https:\/\/kirche-hilsbach-weiler.de\/hw\/wp-content\/uploads\/2024\/02\/invocanto_03-2024_l.jpg\" data-thumb=\"https:\/\/kirche-hilsbach-weiler.de\/hw\/wp-content\/uploads\/2024\/02\/invocanto_03-2024_l-213x300.jpg\" class=\"ml-lightbox-enabled\"><img data-recalc-dims=\"1\" loading=\"lazy\" decoding=\"async\" data-attachment-id=\"11081\" data-permalink=\"https:\/\/kirche-hilsbach-weiler.de\/hw\/?attachment_id=11081\" data-orig-file=\"https:\/\/i0.wp.com\/kirche-hilsbach-weiler.de\/hw\/wp-content\/uploads\/2024\/02\/invocanto_03-2024_l.jpg?fit=1130%2C1595&amp;ssl=1\" data-orig-size=\"1130,1595\" data-comments-opened=\"0\" data-image-meta=\"{&quot;aperture&quot;:&quot;0&quot;,&quot;credit&quot;:&quot;&quot;,&quot;camera&quot;:&quot;&quot;,&quot;caption&quot;:&quot;&quot;,&quot;created_timestamp&quot;:&quot;0&quot;,&quot;copyright&quot;:&quot;&quot;,&quot;focal_length&quot;:&quot;0&quot;,&quot;iso&quot;:&quot;0&quot;,&quot;shutter_speed&quot;:&quot;0&quot;,&quot;title&quot;:&quot;&quot;,&quot;orientation&quot;:&quot;0&quot;}\" data-image-title=\"invocanto_03-2024_l\" data-image-description=\"\" data-image-caption=\"\" data-large-file=\"https:\/\/i0.wp.com\/kirche-hilsbach-weiler.de\/hw\/wp-content\/uploads\/2024\/02\/invocanto_03-2024_l.jpg?fit=700%2C989&amp;ssl=1\" class=\"alignnone wp-image-11081 size-medium\" src=\"https:\/\/i0.wp.com\/kirche-hilsbach-weiler.de\/hw\/wp-content\/uploads\/2024\/02\/invocanto_03-2024_l.jpg?resize=213%2C300&#038;ssl=1\" alt=\"\" width=\"213\" height=\"300\" srcset=\"https:\/\/i0.wp.com\/kirche-hilsbach-weiler.de\/hw\/wp-content\/uploads\/2024\/02\/invocanto_03-2024_l.jpg?resize=213%2C300&amp;ssl=1 213w, https:\/\/i0.wp.com\/kirche-hilsbach-weiler.de\/hw\/wp-content\/uploads\/2024\/02\/invocanto_03-2024_l.jpg?resize=725%2C1024&amp;ssl=1 725w, https:\/\/i0.wp.com\/kirche-hilsbach-weiler.de\/hw\/wp-content\/uploads\/2024\/02\/invocanto_03-2024_l.jpg?resize=768%2C1084&amp;ssl=1 768w, https:\/\/i0.wp.com\/kirche-hilsbach-weiler.de\/hw\/wp-content\/uploads\/2024\/02\/invocanto_03-2024_l.jpg?resize=1088%2C1536&amp;ssl=1 1088w, https:\/\/i0.wp.com\/kirche-hilsbach-weiler.de\/hw\/wp-content\/uploads\/2024\/02\/invocanto_03-2024_l.jpg?w=1130&amp;ssl=1 1130w\" sizes=\"auto, (max-width: 213px) 100vw, 213px\" \/><\/a><br \/>\nAus italienischen Kathedralen und Pal\u00e4sten<br \/>\n<\/strong>invocanto Konzert am 17. M\u00e4rz<\/p>\n<p>Nach \u00fcber vierj\u00e4hriger Pause freut sich unser invocanto Vokalensemble, endlich wieder ein Konzert zur Auff\u00fchrung bringen zu k\u00f6nnen. Unter dem Titel \u201eaus italienischen Kathedralen und Pal\u00e4sten\u201c werden geistliche und weltliche Werke von Giovanni Anerio, Alessandro Scarlatti, Giuseppe Pitoni und Antonio Vivaldi zu Geh\u00f6r gebracht.<\/p>\n<p>Das invocanto Vokalensemble musiziert zusammen mit der camerata intrumentale. Die Leitung hat Peter Laue.<\/p>\n<p>Wir freuen uns auf regen Besuch am Sonntag, 17. M\u00e4rz um 17 Uhr in unserer Kirche in Weiler. Der Eintritt ist frei. Am Ausgang wird um eine angemessene Spende zur Deckung der Kosten gebeten.<\/p>\n","protected":false},"excerpt":{"rendered":"<p>Aus italienischen Kathedralen und Pal\u00e4sten invocanto Konzert am 17. M\u00e4rz Nach \u00fcber vierj\u00e4hriger Pause freut sich unser invocanto Vokalensemble, endlich wieder ein Konzert zur Auff\u00fchrung bringen zu k\u00f6nnen. Unter dem Titel \u201eaus italienischen Kathedralen und Pal\u00e4sten\u201c werden geistliche und weltliche Werke von Giovanni Anerio, Alessandro Scarlatti, Giuseppe Pitoni und Antonio Vivaldi zu Geh\u00f6r gebracht. Das &#8230; <span class=\"more\"><a class=\"more-link\" href=\"https:\/\/kirche-hilsbach-weiler.de\/hw\/?p=11082\">[Weiter&#8230;]<\/a><\/span><\/p>\n","protected":false},"author":3,"featured_media":11081,"comment_status":"closed","ping_status":"closed","sticky":false,"template":"","format":"standard","meta":{"ngg_post_thumbnail":0,"_jetpack_newsletter_access":"","_jetpack_dont_email_post_to_subs":false,"_jetpack_newsletter_tier_id":0,"_jetpack_memberships_contains_paywalled_content":false,"_jetpack_memberships_contains_paid_content":false,"footnotes":""},"categories":[14,42],"tags":[116,70,73,55,180,113,54],"class_list":{"0":"entry","1":"post","2":"publish","3":"author-cglaser","4":"post-11082","6":"format-standard","7":"has-post-thumbnail","8":"category-events","9":"category-news","10":"post_tag-invocanto","11":"post_tag-kirche","12":"post_tag-kirchenchor","13":"post_tag-kirchenmusik","14":"post_tag-konzert","15":"post_tag-musik","16":"post_tag-weiler"},"jetpack_featured_media_url":"https:\/\/i0.wp.com\/kirche-hilsbach-weiler.de\/hw\/wp-content\/uploads\/2024\/02\/invocanto_03-2024_l.jpg?fit=1130%2C1595&ssl=1","jetpack_shortlink":"https:\/\/wp.me\/p4vBdR-2SK","jetpack_likes_enabled":false,"jetpack-related-posts":[{"id":5615,"url":"https:\/\/kirche-hilsbach-weiler.de\/hw\/?p=5615","url_meta":{"origin":11082,"position":0},"title":"Musik aus f\u00fcnf Jahrhunderten","author":"Carsten Glaser","date":"19. M\u00e4rz 2017","format":false,"excerpt":"Chor a cappella - Musik aus f\u00fcnf Jahrhunderten 2. April 2017, 18 Uhr, Evangelische Kirche Weiler Im a-cappella Konzert singt das invocanto Vokalensemble geistliche Werke bedeutender Komponisten aus f\u00fcnf Jahrhunderten.\u00a0 Auf dem Programm stehen St\u00fccke von Johann Walter, Melchior Franck, Joseph Haydn, Max Reger und Igor Strawinsky, erg\u00e4nzt durch historisch\u2026","rel":"","context":"In &quot;Events&quot;","block_context":{"text":"Events","link":"https:\/\/kirche-hilsbach-weiler.de\/hw\/?cat=14"},"img":{"alt_text":"","src":"https:\/\/i0.wp.com\/kirche-hilsbach-weiler.de\/hw\/wp-content\/uploads\/2017\/03\/invocanto-plakat-gro%C3%9F-213x300.jpg?resize=350%2C200","width":350,"height":200},"classes":[]},{"id":3087,"url":"https:\/\/kirche-hilsbach-weiler.de\/hw\/?p=3087","url_meta":{"origin":11082,"position":1},"title":"invocanto-Konzert am 12. Oktober 2014","author":"Administrator","date":"30. September 2014","format":false,"excerpt":"Das Weilerer \"invocanto Vokalensemble\" wird in diesem Jahr wieder die Sinsheimer Kulturtage mitgestalten. Der Chor l\u00e4dt ganz herzlich ein zum Konzert am Sonntag, den 12. Oktober 2014, \u00a0um 18:00 Uhr in die katholische \u00a0Kirche in Weiler. Zur Auff\u00fchrung kommen Werke von Joseph Haydn. Das Orchester spielt auf historischen Instrumenten. Als\u2026","rel":"","context":"In &quot;News&quot;","block_context":{"text":"News","link":"https:\/\/kirche-hilsbach-weiler.de\/hw\/?cat=42"},"img":{"alt_text":"","src":"https:\/\/i0.wp.com\/kirche-hilsbach-weiler.de\/hw\/wp-content\/uploads\/2014\/09\/invocanto_I.jpg?fit=800%2C499&ssl=1&resize=350%2C200","width":350,"height":200,"srcset":"https:\/\/i0.wp.com\/kirche-hilsbach-weiler.de\/hw\/wp-content\/uploads\/2014\/09\/invocanto_I.jpg?fit=800%2C499&ssl=1&resize=350%2C200 1x, https:\/\/i0.wp.com\/kirche-hilsbach-weiler.de\/hw\/wp-content\/uploads\/2014\/09\/invocanto_I.jpg?fit=800%2C499&ssl=1&resize=525%2C300 1.5x, https:\/\/i0.wp.com\/kirche-hilsbach-weiler.de\/hw\/wp-content\/uploads\/2014\/09\/invocanto_I.jpg?fit=800%2C499&ssl=1&resize=700%2C400 2x"},"classes":[]},{"id":5175,"url":"https:\/\/kirche-hilsbach-weiler.de\/hw\/?p=5175","url_meta":{"origin":11082,"position":2},"title":"Invocanto-Konzert","author":"Carsten Glaser","date":"16. Oktober 2016","format":false,"excerpt":"Das invocanto Vokalensemble er\u00f6ffnet am kommenden Sonntag unser wahrlich veranstaltungsreiches 4. Quartal, welches von Gospel bis Klassik und von Jung bis Alt alles zu bieten hat: Im Rahmen der Sinsheimer Kulturtage erklingt am Sonntag, 23. Oktober 2016, 19.30 Uhr in unserer Kirche in Weiler Musik des Protestantismus im 17. Jahrhundert\u2026","rel":"","context":"In &quot;Events&quot;","block_context":{"text":"Events","link":"https:\/\/kirche-hilsbach-weiler.de\/hw\/?cat=14"},"img":{"alt_text":"","src":"https:\/\/i0.wp.com\/kirche-hilsbach-weiler.de\/hw\/wp-content\/uploads\/2014\/09\/invocanto_I.jpg?fit=800%2C499&ssl=1&resize=350%2C200","width":350,"height":200,"srcset":"https:\/\/i0.wp.com\/kirche-hilsbach-weiler.de\/hw\/wp-content\/uploads\/2014\/09\/invocanto_I.jpg?fit=800%2C499&ssl=1&resize=350%2C200 1x, https:\/\/i0.wp.com\/kirche-hilsbach-weiler.de\/hw\/wp-content\/uploads\/2014\/09\/invocanto_I.jpg?fit=800%2C499&ssl=1&resize=525%2C300 1.5x, https:\/\/i0.wp.com\/kirche-hilsbach-weiler.de\/hw\/wp-content\/uploads\/2014\/09\/invocanto_I.jpg?fit=800%2C499&ssl=1&resize=700%2C400 2x"},"classes":[]},{"id":7236,"url":"https:\/\/kirche-hilsbach-weiler.de\/hw\/?p=7236","url_meta":{"origin":11082,"position":3},"title":"Auff\u00fchrung der Matth\u00e4us-Passion","author":"Carsten Glaser","date":"5. April 2019","format":false,"excerpt":"Konzert am Samstag, 6. April 2019, 19.00 Uhr, Evangelische Kirche Weiler Eine seltene Auff\u00fchrung der Matth\u00e4us-Passion wird das invocanto Vokalensemble gemeinsam mit Solisten und Orchester zu Geh\u00f6r bringen. Die barocke Komposition ist das einzige \u00fcberlieferte Werk Johann Georg K\u00fchnhausens (1640-1714). Der biblische Text spielt dabei die zentrale Rolle \u2013 die\u2026","rel":"","context":"In &quot;Events&quot;","block_context":{"text":"Events","link":"https:\/\/kirche-hilsbach-weiler.de\/hw\/?cat=14"},"img":{"alt_text":"","src":"https:\/\/i0.wp.com\/kirche-hilsbach-weiler.de\/hw\/wp-content\/uploads\/2019\/03\/invocanto2019.jpg?fit=794%2C1123&ssl=1&resize=350%2C200","width":350,"height":200,"srcset":"https:\/\/i0.wp.com\/kirche-hilsbach-weiler.de\/hw\/wp-content\/uploads\/2019\/03\/invocanto2019.jpg?fit=794%2C1123&ssl=1&resize=350%2C200 1x, https:\/\/i0.wp.com\/kirche-hilsbach-weiler.de\/hw\/wp-content\/uploads\/2019\/03\/invocanto2019.jpg?fit=794%2C1123&ssl=1&resize=525%2C300 1.5x, https:\/\/i0.wp.com\/kirche-hilsbach-weiler.de\/hw\/wp-content\/uploads\/2019\/03\/invocanto2019.jpg?fit=794%2C1123&ssl=1&resize=700%2C400 2x"},"classes":[]},{"id":11672,"url":"https:\/\/kirche-hilsbach-weiler.de\/hw\/?p=11672","url_meta":{"origin":11082,"position":4},"title":"invocanto-Konzert","author":"Carsten Glaser","date":"27. September 2025","format":false,"excerpt":"aus f\u00fcnf Jahrhunderten invocanto Konzert am 19. Oktober Chormusik aus Renaissance, Barock, Romantik und Moderne \u2013 gesungen in den Originalsprachen Latein, Englisch, Franz\u00f6sisch und Deutsch. Mit Werken von Johann Walter, Melchior Franck, Felix Mendelssohn-Bartholdy, Max Reger und Igor Strawinsky. Das invocanto Vakalensemble musiziert zusammen mit Martin Schreiner an der Orgel.\u2026","rel":"","context":"In &quot;Events&quot;","block_context":{"text":"Events","link":"https:\/\/kirche-hilsbach-weiler.de\/hw\/?cat=14"},"img":{"alt_text":"","src":"https:\/\/i0.wp.com\/kirche-hilsbach-weiler.de\/hw\/wp-content\/uploads\/2025\/09\/IMG_6738.jpeg?fit=678%2C957&ssl=1&resize=350%2C200","width":350,"height":200,"srcset":"https:\/\/i0.wp.com\/kirche-hilsbach-weiler.de\/hw\/wp-content\/uploads\/2025\/09\/IMG_6738.jpeg?fit=678%2C957&ssl=1&resize=350%2C200 1x, https:\/\/i0.wp.com\/kirche-hilsbach-weiler.de\/hw\/wp-content\/uploads\/2025\/09\/IMG_6738.jpeg?fit=678%2C957&ssl=1&resize=525%2C300 1.5x"},"classes":[]},{"id":5812,"url":"https:\/\/kirche-hilsbach-weiler.de\/hw\/?p=5812","url_meta":{"origin":11082,"position":5},"title":"Konzertherbst 2017","author":"Carsten Glaser","date":"8. Oktober 2017","format":false,"excerpt":"Der Herbst ist traditionell die Zeit vieler Konzerthighlights in unserer Kirchengemeinde: Von Oktober bis Dezember sind vor allem die evangelischen Kirchen in Hilsbach und Weiler Austragungsorte zahlreicher Konzertveranstaltungen unterschiedlichster Art: Bereits am 14. Oktober steht in der Weilerer Kirche das erste musikalische Event an: Chor-Konzert - von der Reformation bis\u2026","rel":"","context":"In &quot;Events&quot;","block_context":{"text":"Events","link":"https:\/\/kirche-hilsbach-weiler.de\/hw\/?cat=14"},"img":{"alt_text":"","src":"https:\/\/i0.wp.com\/kirche-hilsbach-weiler.de\/hw\/wp-content\/uploads\/2017\/10\/chor.jpg?fit=1200%2C797&ssl=1&resize=350%2C200","width":350,"height":200,"srcset":"https:\/\/i0.wp.com\/kirche-hilsbach-weiler.de\/hw\/wp-content\/uploads\/2017\/10\/chor.jpg?fit=1200%2C797&ssl=1&resize=350%2C200 1x, https:\/\/i0.wp.com\/kirche-hilsbach-weiler.de\/hw\/wp-content\/uploads\/2017\/10\/chor.jpg?fit=1200%2C797&ssl=1&resize=525%2C300 1.5x, https:\/\/i0.wp.com\/kirche-hilsbach-weiler.de\/hw\/wp-content\/uploads\/2017\/10\/chor.jpg?fit=1200%2C797&ssl=1&resize=700%2C400 2x, https:\/\/i0.wp.com\/kirche-hilsbach-weiler.de\/hw\/wp-content\/uploads\/2017\/10\/chor.jpg?fit=1200%2C797&ssl=1&resize=1050%2C600 3x"},"classes":[]}],"jetpack_sharing_enabled":true,"_links":{"self":[{"href":"https:\/\/kirche-hilsbach-weiler.de\/hw\/index.php?rest_route=\/wp\/v2\/posts\/11082","targetHints":{"allow":["GET"]}}],"collection":[{"href":"https:\/\/kirche-hilsbach-weiler.de\/hw\/index.php?rest_route=\/wp\/v2\/posts"}],"about":[{"href":"https:\/\/kirche-hilsbach-weiler.de\/hw\/index.php?rest_route=\/wp\/v2\/types\/post"}],"author":[{"embeddable":true,"href":"https:\/\/kirche-hilsbach-weiler.de\/hw\/index.php?rest_route=\/wp\/v2\/users\/3"}],"replies":[{"embeddable":true,"href":"https:\/\/kirche-hilsbach-weiler.de\/hw\/index.php?rest_route=%2Fwp%2Fv2%2Fcomments&post=11082"}],"version-history":[{"count":2,"href":"https:\/\/kirche-hilsbach-weiler.de\/hw\/index.php?rest_route=\/wp\/v2\/posts\/11082\/revisions"}],"predecessor-version":[{"id":11085,"href":"https:\/\/kirche-hilsbach-weiler.de\/hw\/index.php?rest_route=\/wp\/v2\/posts\/11082\/revisions\/11085"}],"wp:featuredmedia":[{"embeddable":true,"href":"https:\/\/kirche-hilsbach-weiler.de\/hw\/index.php?rest_route=\/wp\/v2\/media\/11081"}],"wp:attachment":[{"href":"https:\/\/kirche-hilsbach-weiler.de\/hw\/index.php?rest_route=%2Fwp%2Fv2%2Fmedia&parent=11082"}],"wp:term":[{"taxonomy":"category","embeddable":true,"href":"https:\/\/kirche-hilsbach-weiler.de\/hw\/index.php?rest_route=%2Fwp%2Fv2%2Fcategories&post=11082"},{"taxonomy":"post_tag","embeddable":true,"href":"https:\/\/kirche-hilsbach-weiler.de\/hw\/index.php?rest_route=%2Fwp%2Fv2%2Ftags&post=11082"}],"curies":[{"name":"wp","href":"https:\/\/api.w.org\/{rel}","templated":true}]}}