{"id":2683,"date":"2014-06-09T12:14:30","date_gmt":"2014-06-09T10:14:30","guid":{"rendered":"https:\/\/kirche-hilsbach-weiler.de\/hw\/?p=2683"},"modified":"2014-06-08T15:16:59","modified_gmt":"2014-06-08T13:16:59","slug":"stuehle-in-der-kirche","status":"publish","type":"post","link":"https:\/\/kirche-hilsbach-weiler.de\/hw\/?p=2683","title":{"rendered":"St\u00fchle in der Kirche?"},"content":{"rendered":"<p>Wie bei der letzten Gemeindeversammlung bekanntgegeben, stehen \u00dcberlegungen im Raum, die ev. Kirche in Weiler im Rahmen der Renovierung nach dem Brand mit St\u00fchlen auszustatten. Wer einmal einen Gottesdienst &#8220;auf St\u00fchlen&#8221; erleben m\u00f6chte und sich davon ein Bild machen m\u00f6chte, ist herzlich eingeladen, am 22. Juni mit zu fahren nach Ehrst\u00e4dt. Dort ist um 10.30 Uhr Gottesdienst.<\/p>\n<p>Wer eine Mitfahrgelegenheit sucht, wende sich bitte an die Kirchen\u00e4ltesten. Treffpunkt am 22. Juni ist um 9:45 Uhr vor der Kirche f\u00fcr alle, die gemeinsam fahren m\u00f6chten.<\/p>\n<p>Dar\u00fcber hinaus findet an diesem Sonntag ein gemeinsamer Gottesdienst in Hilsbach um 9 Uhr statt.<\/p>\n","protected":false},"excerpt":{"rendered":"<p>Wie bei der letzten Gemeindeversammlung bekanntgegeben, stehen \u00dcberlegungen im Raum, die ev. Kirche in Weiler im Rahmen der Renovierung nach dem Brand mit St\u00fchlen auszustatten. Wer einmal einen Gottesdienst &#8220;auf St\u00fchlen&#8221; erleben m\u00f6chte und sich davon ein Bild machen m\u00f6chte, ist herzlich eingeladen, am 22. Juni mit zu fahren nach Ehrst\u00e4dt. Dort ist um 10.30 &#8230; <span class=\"more\"><a class=\"more-link\" href=\"https:\/\/kirche-hilsbach-weiler.de\/hw\/?p=2683\">[Weiter&#8230;]<\/a><\/span><\/p>\n","protected":false},"author":6,"featured_media":1714,"comment_status":"closed","ping_status":"closed","sticky":false,"template":"","format":"standard","meta":{"ngg_post_thumbnail":0,"_jetpack_newsletter_access":"","_jetpack_dont_email_post_to_subs":false,"_jetpack_newsletter_tier_id":0,"_jetpack_memberships_contains_paywalled_content":false,"_jetpack_memberships_contains_paid_content":false,"footnotes":""},"categories":[42],"tags":[70,54],"class_list":{"0":"entry","1":"post","2":"publish","3":"author-ekhwadmin","4":"post-2683","6":"format-standard","7":"has-post-thumbnail","8":"category-news","9":"post_tag-kirche","10":"post_tag-weiler"},"jetpack_featured_media_url":"https:\/\/i0.wp.com\/kirche-hilsbach-weiler.de\/hw\/wp-content\/uploads\/2014\/03\/110705_logo_ekiba_weiler.png?fit=658%2C386&ssl=1","jetpack_shortlink":"https:\/\/wp.me\/p4vBdR-Hh","jetpack_likes_enabled":false,"jetpack-related-posts":[{"id":6643,"url":"https:\/\/kirche-hilsbach-weiler.de\/hw\/?p=6643","url_meta":{"origin":2683,"position":0},"title":"Gottesdienst mobil","author":"Carsten Glaser","date":"27. April 2018","format":false,"excerpt":"Nach den Gottesdiensten am kommenden Sonntag, 29. April, jeweils um 10 Uhr in Hilsbach (Konfirmation) und Weiler (Kirchenmusikalischer Gottesdienst mit dem Kirchenchor Weiler und Pr\u00e4dikant Kerksiek), zu denen sehr herzlich eingeladen wird, verlassen wir unsere Kirchengeb\u00e4ude, um unsere Gottesdienste an eher ungewohnten Orten in Weiler und Hilsbach zu feiern: Am\u2026","rel":"","context":"In &quot;Events&quot;","block_context":{"text":"Events","link":"https:\/\/kirche-hilsbach-weiler.de\/hw\/?cat=14"},"img":{"alt_text":"","src":"https:\/\/i0.wp.com\/kirche-hilsbach-weiler.de\/hw\/wp-content\/uploads\/2018\/04\/cross-71530_1280.jpg?fit=1200%2C798&ssl=1&resize=350%2C200","width":350,"height":200,"srcset":"https:\/\/i0.wp.com\/kirche-hilsbach-weiler.de\/hw\/wp-content\/uploads\/2018\/04\/cross-71530_1280.jpg?fit=1200%2C798&ssl=1&resize=350%2C200 1x, https:\/\/i0.wp.com\/kirche-hilsbach-weiler.de\/hw\/wp-content\/uploads\/2018\/04\/cross-71530_1280.jpg?fit=1200%2C798&ssl=1&resize=525%2C300 1.5x, https:\/\/i0.wp.com\/kirche-hilsbach-weiler.de\/hw\/wp-content\/uploads\/2018\/04\/cross-71530_1280.jpg?fit=1200%2C798&ssl=1&resize=700%2C400 2x, https:\/\/i0.wp.com\/kirche-hilsbach-weiler.de\/hw\/wp-content\/uploads\/2018\/04\/cross-71530_1280.jpg?fit=1200%2C798&ssl=1&resize=1050%2C600 3x"},"classes":[]},{"id":8511,"url":"https:\/\/kirche-hilsbach-weiler.de\/hw\/?p=8511","url_meta":{"origin":2683,"position":1},"title":"See-Gottesdienst am 6.9.","author":"Carsten Glaser","date":"31. August 2020","format":false,"excerpt":"Nachdem wir am vergangenen Sonntag wetterbedingt in die Kirche ausweichen mussten und dort einen sch\u00f6nen Aussendungsgottesdienst feiern konnten, planen wir nochmals am kommenden Sonntag, 06. September, ab 10 Uhr einen Gottesdienst am Hilsbacher See. Wir freuen uns, dort trotz der erforderlichen Abst\u00e4nde einen Gottesdienst in gro\u00dfer Runde feiern zu k\u00f6nnen!\u2026","rel":"","context":"In &quot;Events&quot;","block_context":{"text":"Events","link":"https:\/\/kirche-hilsbach-weiler.de\/hw\/?cat=14"},"img":{"alt_text":"","src":"https:\/\/i0.wp.com\/kirche-hilsbach-weiler.de\/hw\/wp-content\/uploads\/2020\/08\/2014-08a.jpg?fit=891%2C1200&ssl=1&resize=350%2C200","width":350,"height":200,"srcset":"https:\/\/i0.wp.com\/kirche-hilsbach-weiler.de\/hw\/wp-content\/uploads\/2020\/08\/2014-08a.jpg?fit=891%2C1200&ssl=1&resize=350%2C200 1x, https:\/\/i0.wp.com\/kirche-hilsbach-weiler.de\/hw\/wp-content\/uploads\/2020\/08\/2014-08a.jpg?fit=891%2C1200&ssl=1&resize=525%2C300 1.5x, https:\/\/i0.wp.com\/kirche-hilsbach-weiler.de\/hw\/wp-content\/uploads\/2020\/08\/2014-08a.jpg?fit=891%2C1200&ssl=1&resize=700%2C400 2x"},"classes":[]},{"id":6902,"url":"https:\/\/kirche-hilsbach-weiler.de\/hw\/?p=6902","url_meta":{"origin":2683,"position":2},"title":"Wir feiern Erntedank","author":"Stefan Pickel","date":"2. Oktober 2018","format":false,"excerpt":"Mit einem Familiengottesdienst in der Ev. Kirche in Weiler am 7. Oktober um 10 Uhr, der vom Posaunenchor und dem Kindergarten Hilsbach mitgestaltet wird. Danke Gott! F\u00fcr diesen Gottesdienst bitten wir um Spenden, egal, ob aus dem Garten oder aus dem Laden. Alles, was gewachsen ist und essbar ist, wollen\u2026","rel":"","context":"In &quot;Gottesdienste&quot;","block_context":{"text":"Gottesdienste","link":"https:\/\/kirche-hilsbach-weiler.de\/hw\/?cat=174"},"img":{"alt_text":"","src":"https:\/\/i0.wp.com\/kirche-hilsbach-weiler.de\/hw\/wp-content\/uploads\/2018\/09\/pumpkin-1768857_1920-1.jpg?fit=1200%2C857&ssl=1&resize=350%2C200","width":350,"height":200,"srcset":"https:\/\/i0.wp.com\/kirche-hilsbach-weiler.de\/hw\/wp-content\/uploads\/2018\/09\/pumpkin-1768857_1920-1.jpg?fit=1200%2C857&ssl=1&resize=350%2C200 1x, https:\/\/i0.wp.com\/kirche-hilsbach-weiler.de\/hw\/wp-content\/uploads\/2018\/09\/pumpkin-1768857_1920-1.jpg?fit=1200%2C857&ssl=1&resize=525%2C300 1.5x, https:\/\/i0.wp.com\/kirche-hilsbach-weiler.de\/hw\/wp-content\/uploads\/2018\/09\/pumpkin-1768857_1920-1.jpg?fit=1200%2C857&ssl=1&resize=700%2C400 2x, https:\/\/i0.wp.com\/kirche-hilsbach-weiler.de\/hw\/wp-content\/uploads\/2018\/09\/pumpkin-1768857_1920-1.jpg?fit=1200%2C857&ssl=1&resize=1050%2C600 3x"},"classes":[]},{"id":4485,"url":"https:\/\/kirche-hilsbach-weiler.de\/hw\/?p=4485","url_meta":{"origin":2683,"position":3},"title":"Gottesdienste an Weihnachten","author":"Carsten Glaser","date":"22. Dezember 2015","format":false,"excerpt":"Mit der Geburt Jesu in einer Krippe, im Stall von Bethlehem, hat Gott seine Liebe bewiesen. Gott hat seinen Sohn in die H\u00e4nde von Menschen gegeben, um uns zu zeigen, wie wertvoll und wichtig wir ihm sind. Ab und an w\u00fcnschen wir uns doch ein neues, besseres Leben. Jedoch all\u2026","rel":"","context":"In &quot;Events&quot;","block_context":{"text":"Events","link":"https:\/\/kirche-hilsbach-weiler.de\/hw\/?cat=14"},"img":{"alt_text":"","src":"https:\/\/i0.wp.com\/kirche-hilsbach-weiler.de\/hw\/wp-content\/uploads\/2015\/12\/2014-01-25-2014-01-10-024.jpg?fit=549%2C480&ssl=1&resize=350%2C200","width":350,"height":200,"srcset":"https:\/\/i0.wp.com\/kirche-hilsbach-weiler.de\/hw\/wp-content\/uploads\/2015\/12\/2014-01-25-2014-01-10-024.jpg?fit=549%2C480&ssl=1&resize=350%2C200 1x, https:\/\/i0.wp.com\/kirche-hilsbach-weiler.de\/hw\/wp-content\/uploads\/2015\/12\/2014-01-25-2014-01-10-024.jpg?fit=549%2C480&ssl=1&resize=525%2C300 1.5x"},"classes":[]},{"id":5166,"url":"https:\/\/kirche-hilsbach-weiler.de\/hw\/?p=5166","url_meta":{"origin":2683,"position":4},"title":"Kraftstoff zum Leben","author":"Stefan Pickel","date":"12. Oktober 2016","format":false,"excerpt":"Manchmal ist der Akku alle, der Tank ist leer. Neuer Kraftstoff muss her.\u00a0 Auftanken und Aufladen ist n\u00f6tig. Gott l\u00e4dt uns ein, unser Leben nicht bis zur Reserve zu fahren. Jeden Tag m\u00f6chte er uns die Kraft geben, die wir brauchen. Ja, er selbst m\u00f6chte unsere Kraft sein. Wie wir\u2026","rel":"","context":"In &quot;News&quot;","block_context":{"text":"News","link":"https:\/\/kirche-hilsbach-weiler.de\/hw\/?cat=42"},"img":{"alt_text":"","src":"https:\/\/i0.wp.com\/kirche-hilsbach-weiler.de\/hw\/wp-content\/uploads\/2016\/10\/energy-259725_1920.jpg?fit=1200%2C900&ssl=1&resize=350%2C200","width":350,"height":200,"srcset":"https:\/\/i0.wp.com\/kirche-hilsbach-weiler.de\/hw\/wp-content\/uploads\/2016\/10\/energy-259725_1920.jpg?fit=1200%2C900&ssl=1&resize=350%2C200 1x, https:\/\/i0.wp.com\/kirche-hilsbach-weiler.de\/hw\/wp-content\/uploads\/2016\/10\/energy-259725_1920.jpg?fit=1200%2C900&ssl=1&resize=525%2C300 1.5x, https:\/\/i0.wp.com\/kirche-hilsbach-weiler.de\/hw\/wp-content\/uploads\/2016\/10\/energy-259725_1920.jpg?fit=1200%2C900&ssl=1&resize=700%2C400 2x, https:\/\/i0.wp.com\/kirche-hilsbach-weiler.de\/hw\/wp-content\/uploads\/2016\/10\/energy-259725_1920.jpg?fit=1200%2C900&ssl=1&resize=1050%2C600 3x"},"classes":[]},{"id":6497,"url":"https:\/\/kirche-hilsbach-weiler.de\/hw\/?p=6497","url_meta":{"origin":2683,"position":5},"title":"Lichthaus &#8211; Jugendgottesdienst am 27.01.","author":"Carsten Glaser","date":"24. Januar 2018","format":false,"excerpt":"Lobpreis \u2013 Predigen \u2013 Snacken Herzliche Einladung zum neuen Jugendgottesdienst-Projekt von LICHTHAUS am Samstag, 27.01.2018 um 19.00 Uhr in die Evangelische Kirche Weiler LICHTHAUS wurde von einem missionarischen Team am Theologischen Seminar Adelshofen ins Leben gerufen und hat bereits schon zweimal im Lebenszentrum Adelshofen stattgefunden. Jugendliche von 13-20 und junggebliebene\u2026","rel":"","context":"In &quot;Events&quot;","block_context":{"text":"Events","link":"https:\/\/kirche-hilsbach-weiler.de\/hw\/?cat=14"},"img":{"alt_text":"","src":"https:\/\/i0.wp.com\/kirche-hilsbach-weiler.de\/hw\/wp-content\/uploads\/2018\/01\/Lichthaus.jpg?fit=1200%2C800&ssl=1&resize=350%2C200","width":350,"height":200,"srcset":"https:\/\/i0.wp.com\/kirche-hilsbach-weiler.de\/hw\/wp-content\/uploads\/2018\/01\/Lichthaus.jpg?fit=1200%2C800&ssl=1&resize=350%2C200 1x, https:\/\/i0.wp.com\/kirche-hilsbach-weiler.de\/hw\/wp-content\/uploads\/2018\/01\/Lichthaus.jpg?fit=1200%2C800&ssl=1&resize=525%2C300 1.5x, https:\/\/i0.wp.com\/kirche-hilsbach-weiler.de\/hw\/wp-content\/uploads\/2018\/01\/Lichthaus.jpg?fit=1200%2C800&ssl=1&resize=700%2C400 2x, https:\/\/i0.wp.com\/kirche-hilsbach-weiler.de\/hw\/wp-content\/uploads\/2018\/01\/Lichthaus.jpg?fit=1200%2C800&ssl=1&resize=1050%2C600 3x"},"classes":[]}],"jetpack_sharing_enabled":true,"_links":{"self":[{"href":"https:\/\/kirche-hilsbach-weiler.de\/hw\/index.php?rest_route=\/wp\/v2\/posts\/2683","targetHints":{"allow":["GET"]}}],"collection":[{"href":"https:\/\/kirche-hilsbach-weiler.de\/hw\/index.php?rest_route=\/wp\/v2\/posts"}],"about":[{"href":"https:\/\/kirche-hilsbach-weiler.de\/hw\/index.php?rest_route=\/wp\/v2\/types\/post"}],"author":[{"embeddable":true,"href":"https:\/\/kirche-hilsbach-weiler.de\/hw\/index.php?rest_route=\/wp\/v2\/users\/6"}],"replies":[{"embeddable":true,"href":"https:\/\/kirche-hilsbach-weiler.de\/hw\/index.php?rest_route=%2Fwp%2Fv2%2Fcomments&post=2683"}],"version-history":[{"count":0,"href":"https:\/\/kirche-hilsbach-weiler.de\/hw\/index.php?rest_route=\/wp\/v2\/posts\/2683\/revisions"}],"wp:featuredmedia":[{"embeddable":true,"href":"https:\/\/kirche-hilsbach-weiler.de\/hw\/index.php?rest_route=\/wp\/v2\/media\/1714"}],"wp:attachment":[{"href":"https:\/\/kirche-hilsbach-weiler.de\/hw\/index.php?rest_route=%2Fwp%2Fv2%2Fmedia&parent=2683"}],"wp:term":[{"taxonomy":"category","embeddable":true,"href":"https:\/\/kirche-hilsbach-weiler.de\/hw\/index.php?rest_route=%2Fwp%2Fv2%2Fcategories&post=2683"},{"taxonomy":"post_tag","embeddable":true,"href":"https:\/\/kirche-hilsbach-weiler.de\/hw\/index.php?rest_route=%2Fwp%2Fv2%2Ftags&post=2683"}],"curies":[{"name":"wp","href":"https:\/\/api.w.org\/{rel}","templated":true}]}}