{"id":2698,"date":"2014-06-11T10:10:49","date_gmt":"2014-06-11T08:10:49","guid":{"rendered":"https:\/\/kirche-hilsbach-weiler.de\/hw\/?p=2698"},"modified":"2014-06-11T07:35:40","modified_gmt":"2014-06-11T05:35:40","slug":"kirchenbaucafe-im-anschluss-an-den-gottesdienst-am-15-juni","status":"publish","type":"post","link":"https:\/\/kirche-hilsbach-weiler.de\/hw\/?p=2698","title":{"rendered":"KirchenBAUcaf\u00e9 im Anschluss an den Gottesdienst am 15. Juni"},"content":{"rendered":"<p>Im Anschluss an den Gottesdienst um 9 Uhr im Evangelischen Gemeindehaus Weiler l\u00e4dt der Kirchengemeinderat am Sonntag, 15.06.2014 zu einem KirchenBAUcaf\u00e9 in die Evangelische Kirche Weiler ein (bitte Eingang Sakristei benutzen!).<\/p>\n<p>Vor Ort besteht Gelegenheit, sich bei einer Tasse Kaffee oder Tee \u00fcber den aktuellen Stand der Kirchenrenovierung zu informieren.<\/p>\n<p>Dar\u00fcber hinaus kann man gerne mit dem Kirchengemeinderat ins Gespr\u00e4ch \u00fcber die weitere Vorgehensweise zu kommen.<\/p>\n<p>Herzliche Einladung!<\/p>\n<p><a href=\"https:\/\/i0.wp.com\/kirche-hilsbach-weiler.de\/hw\/wp-content\/uploads\/2014\/06\/Kirche_Weiler1.jpg?ssl=1\" data-src=\"https:\/\/kirche-hilsbach-weiler.de\/hw\/wp-content\/uploads\/2014\/06\/Kirche_Weiler1.jpg\" data-thumb=\"https:\/\/kirche-hilsbach-weiler.de\/hw\/wp-content\/uploads\/2014\/06\/Kirche_Weiler1-1024x768.jpg\" class=\"ml-lightbox-enabled\"><img data-recalc-dims=\"1\" loading=\"lazy\" decoding=\"async\" width=\"700\" height=\"525\" data-attachment-id=\"2701\" data-permalink=\"https:\/\/kirche-hilsbach-weiler.de\/hw\/?attachment_id=2701\" data-orig-file=\"https:\/\/i0.wp.com\/kirche-hilsbach-weiler.de\/hw\/wp-content\/uploads\/2014\/06\/Kirche_Weiler1.jpg?fit=1632%2C1224&amp;ssl=1\" data-orig-size=\"1632,1224\" data-comments-opened=\"0\" data-image-meta=\"{&quot;aperture&quot;:&quot;0&quot;,&quot;credit&quot;:&quot;&quot;,&quot;camera&quot;:&quot;&quot;,&quot;caption&quot;:&quot;&quot;,&quot;created_timestamp&quot;:&quot;0&quot;,&quot;copyright&quot;:&quot;&quot;,&quot;focal_length&quot;:&quot;0&quot;,&quot;iso&quot;:&quot;0&quot;,&quot;shutter_speed&quot;:&quot;0&quot;,&quot;title&quot;:&quot;&quot;}\" data-image-title=\"Kirche_Weiler1\" data-image-description=\"\" data-image-caption=\"\" data-large-file=\"https:\/\/i0.wp.com\/kirche-hilsbach-weiler.de\/hw\/wp-content\/uploads\/2014\/06\/Kirche_Weiler1.jpg?fit=700%2C525&amp;ssl=1\" class=\"aligncenter size-large wp-image-2701 imgborder\" src=\"https:\/\/i0.wp.com\/kirche-hilsbach-weiler.de\/hw\/wp-content\/uploads\/2014\/06\/Kirche_Weiler1-1024x768.jpg?resize=700%2C525\" alt=\"Kirche_Weiler1\" srcset=\"https:\/\/i0.wp.com\/kirche-hilsbach-weiler.de\/hw\/wp-content\/uploads\/2014\/06\/Kirche_Weiler1.jpg?resize=1024%2C768&amp;ssl=1 1024w, https:\/\/i0.wp.com\/kirche-hilsbach-weiler.de\/hw\/wp-content\/uploads\/2014\/06\/Kirche_Weiler1.jpg?resize=300%2C225&amp;ssl=1 300w, https:\/\/i0.wp.com\/kirche-hilsbach-weiler.de\/hw\/wp-content\/uploads\/2014\/06\/Kirche_Weiler1.jpg?w=1632&amp;ssl=1 1632w, https:\/\/i0.wp.com\/kirche-hilsbach-weiler.de\/hw\/wp-content\/uploads\/2014\/06\/Kirche_Weiler1.jpg?w=1400&amp;ssl=1 1400w\" sizes=\"auto, (max-width: 700px) 100vw, 700px\" \/><\/a><\/p>\n","protected":false},"excerpt":{"rendered":"<p>Im Anschluss an den Gottesdienst um 9 Uhr im Evangelischen Gemeindehaus Weiler l\u00e4dt der Kirchengemeinderat am Sonntag, 15.06.2014 zu einem KirchenBAUcaf\u00e9 in die Evangelische Kirche Weiler ein (bitte Eingang Sakristei benutzen!). Vor Ort besteht Gelegenheit, sich bei einer Tasse Kaffee oder Tee \u00fcber den aktuellen Stand der Kirchenrenovierung zu informieren. Dar\u00fcber hinaus kann man gerne &#8230; <span class=\"more\"><a class=\"more-link\" href=\"https:\/\/kirche-hilsbach-weiler.de\/hw\/?p=2698\">[Weiter&#8230;]<\/a><\/span><\/p>\n","protected":false},"author":6,"featured_media":2701,"comment_status":"closed","ping_status":"closed","sticky":false,"template":"","format":"standard","meta":{"ngg_post_thumbnail":0,"_jetpack_newsletter_access":"","_jetpack_dont_email_post_to_subs":false,"_jetpack_newsletter_tier_id":0,"_jetpack_memberships_contains_paywalled_content":false,"_jetpack_memberships_contains_paid_content":false,"footnotes":""},"categories":[42],"tags":[70,54],"class_list":{"0":"entry","1":"post","2":"publish","3":"author-ekhwadmin","4":"post-2698","6":"format-standard","7":"has-post-thumbnail","8":"category-news","9":"post_tag-kirche","10":"post_tag-weiler"},"jetpack_featured_media_url":"https:\/\/i0.wp.com\/kirche-hilsbach-weiler.de\/hw\/wp-content\/uploads\/2014\/06\/Kirche_Weiler1.jpg?fit=1632%2C1224&ssl=1","jetpack_shortlink":"https:\/\/wp.me\/p4vBdR-Hw","jetpack_likes_enabled":false,"jetpack-related-posts":[{"id":8078,"url":"https:\/\/kirche-hilsbach-weiler.de\/hw\/?p=8078","url_meta":{"origin":2698,"position":0},"title":"Gottesdienste nach dem neuen Schutzkonzept","author":"Carsten Glaser","date":"8. Mai 2020","format":false,"excerpt":"Nach eingehenden Beratungen ist der Kirchengemeinderat \u00fcbereingekommen, die neuen M\u00f6glichkeiten, die das \u2018Schutzkonzept f\u00fcr die Feier von evangelischen Gottesdiensten in der Evangelischen Landeskirche in Baden w\u00e4hrend der Corona-Pandemie\u2019 bietet, zu nutzen, um unsere geistlichen Video-Impulse k\u00fcnftig unter Gemeindebeteiligung aufzuzeichnen und sonntags zu ver\u00f6ffentlichen. Hierzu m\u00fcssen neben der Erstellung eines den\u2026","rel":"","context":"In &quot;Gottesdienste&quot;","block_context":{"text":"Gottesdienste","link":"https:\/\/kirche-hilsbach-weiler.de\/hw\/?cat=174"},"img":{"alt_text":"","src":"https:\/\/i0.wp.com\/kirche-hilsbach-weiler.de\/hw\/wp-content\/uploads\/2017\/02\/news-1027337_1920.jpg?fit=1200%2C1200&ssl=1&resize=350%2C200","width":350,"height":200,"srcset":"https:\/\/i0.wp.com\/kirche-hilsbach-weiler.de\/hw\/wp-content\/uploads\/2017\/02\/news-1027337_1920.jpg?fit=1200%2C1200&ssl=1&resize=350%2C200 1x, https:\/\/i0.wp.com\/kirche-hilsbach-weiler.de\/hw\/wp-content\/uploads\/2017\/02\/news-1027337_1920.jpg?fit=1200%2C1200&ssl=1&resize=525%2C300 1.5x, https:\/\/i0.wp.com\/kirche-hilsbach-weiler.de\/hw\/wp-content\/uploads\/2017\/02\/news-1027337_1920.jpg?fit=1200%2C1200&ssl=1&resize=700%2C400 2x, https:\/\/i0.wp.com\/kirche-hilsbach-weiler.de\/hw\/wp-content\/uploads\/2017\/02\/news-1027337_1920.jpg?fit=1200%2C1200&ssl=1&resize=1050%2C600 3x"},"classes":[]},{"id":11703,"url":"https:\/\/kirche-hilsbach-weiler.de\/hw\/?p=11703","url_meta":{"origin":2698,"position":1},"title":"Bekanntmachung zu den Kirchenwahlen","author":"Carsten Glaser","date":"12. November 2025","format":false,"excerpt":"Liebe Gemeindeglieder, die Wahl der Kirchen\u00e4ltesten findet in einer \u00f6ffentlichen Wahlversammlung statt. W\u00e4hlen kann jedes Gemeindeglied, das am Tage der Wahl das 14. Lebensjahr vollendet hat und im Wahlverzeichnis eingetragen ist. Hiermit l\u00e4dt der \u00c4ltestenkreis alle in das Wahlverzeichnis eingetragenen Gemeindeglieder zur Wahlversammlung ein. Die Wahlversammlung findet am 30. November\u2026","rel":"","context":"In &quot;Events&quot;","block_context":{"text":"Events","link":"https:\/\/kirche-hilsbach-weiler.de\/hw\/?cat=14"},"img":{"alt_text":"","src":"https:\/\/i0.wp.com\/kirche-hilsbach-weiler.de\/hw\/wp-content\/uploads\/2025\/11\/Infos-zu-den-Kirchenwahlen-am-1.-Advent.jpg?fit=1200%2C400&ssl=1&resize=350%2C200","width":350,"height":200,"srcset":"https:\/\/i0.wp.com\/kirche-hilsbach-weiler.de\/hw\/wp-content\/uploads\/2025\/11\/Infos-zu-den-Kirchenwahlen-am-1.-Advent.jpg?fit=1200%2C400&ssl=1&resize=350%2C200 1x, https:\/\/i0.wp.com\/kirche-hilsbach-weiler.de\/hw\/wp-content\/uploads\/2025\/11\/Infos-zu-den-Kirchenwahlen-am-1.-Advent.jpg?fit=1200%2C400&ssl=1&resize=525%2C300 1.5x, https:\/\/i0.wp.com\/kirche-hilsbach-weiler.de\/hw\/wp-content\/uploads\/2025\/11\/Infos-zu-den-Kirchenwahlen-am-1.-Advent.jpg?fit=1200%2C400&ssl=1&resize=700%2C400 2x, https:\/\/i0.wp.com\/kirche-hilsbach-weiler.de\/hw\/wp-content\/uploads\/2025\/11\/Infos-zu-den-Kirchenwahlen-am-1.-Advent.jpg?fit=1200%2C400&ssl=1&resize=1050%2C600 3x"},"classes":[]},{"id":3820,"url":"https:\/\/kirche-hilsbach-weiler.de\/hw\/?p=3820","url_meta":{"origin":2698,"position":2},"title":"Verabschiedung von Pfarrer Brunner am 21. Juni 2015","author":"Administrator","date":"8. Juni 2015","format":false,"excerpt":"Wir m\u00f6chten Sie ganz herzlich zur Verabschiedung von Pfarrer David Brunner und seiner Familie am 21. Juni einladen. Wir beginnen mit einem Gottesdienst um 17.00 Uhr in der ev. Kirche in Hilsbach. Im Anschluss an den Gottesdienst findet auf dem Kirchplatz ein Stehempfang statt, zu dem Sie ebenso ganz herzlich\u2026","rel":"","context":"In &quot;News&quot;","block_context":{"text":"News","link":"https:\/\/kirche-hilsbach-weiler.de\/hw\/?cat=42"},"img":{"alt_text":"","src":"https:\/\/i0.wp.com\/kirche-hilsbach-weiler.de\/hw\/wp-content\/uploads\/2014\/06\/110708_logo_ekiba_weiler_hilsbach.png?fit=694%2C386&ssl=1&resize=350%2C200","width":350,"height":200,"srcset":"https:\/\/i0.wp.com\/kirche-hilsbach-weiler.de\/hw\/wp-content\/uploads\/2014\/06\/110708_logo_ekiba_weiler_hilsbach.png?fit=694%2C386&ssl=1&resize=350%2C200 1x, https:\/\/i0.wp.com\/kirche-hilsbach-weiler.de\/hw\/wp-content\/uploads\/2014\/06\/110708_logo_ekiba_weiler_hilsbach.png?fit=694%2C386&ssl=1&resize=525%2C300 1.5x"},"classes":[]},{"id":4742,"url":"https:\/\/kirche-hilsbach-weiler.de\/hw\/?p=4742","url_meta":{"origin":2698,"position":3},"title":"Bezirksgottesdienst am Pfingstmontag","author":"Carsten Glaser","date":"9. Mai 2016","format":false,"excerpt":"Die Gemeinden des Kirchenbezirks sind am 16.05.2016, um 10:30 Uhr herzlich eingeladen im Schlosspark in Neckarbischofsheim den Gottesdienst\u00a0 gemeinsam zu feiern. Den Gottesdienst halten Pfarrerin Christiane Gl\u00f6ckner-Lang und Dekan Hans Scheffel. Es wirken mit Vereinigte Kirchench\u00f6re unter Leitung von Sabine Sommerfeld-Sitzler Vereinigte Posaunench\u00f6re unter Leitung von Ulrich Keller. Im Anschluss\u2026","rel":"","context":"In &quot;Events&quot;","block_context":{"text":"Events","link":"https:\/\/kirche-hilsbach-weiler.de\/hw\/?cat=14"},"img":{"alt_text":"kirchenbezirklogo_d","src":"https:\/\/i0.wp.com\/kirche-hilsbach-weiler.de\/hw\/wp-content\/uploads\/2016\/04\/kirchenbezirklogo_d.jpg?resize=350%2C200","width":350,"height":200},"classes":[]},{"id":4804,"url":"https:\/\/kirche-hilsbach-weiler.de\/hw\/?p=4804","url_meta":{"origin":2698,"position":4},"title":"Singen ist ein k\u00f6stlich Ding","author":"Carsten Glaser","date":"30. Mai 2016","format":false,"excerpt":"Ehrungen im Evangelischen Kirchenchor Weiler \u201eDas ist ein k\u00f6stlich Ding, dem Herren danken und lobsingen seinem Namen\u201c. Dieser Chorsatz erklang in der evangelischen Kirche in Weiler \u2013 ein Ausdruck der Freude \u00fcber das gemeinsame Singen im Evangelischen Kirchenchor Weiler. Wie viel Freude dieses Engagement macht, zeigte sich jetzt beim kirchenmusikalischen\u2026","rel":"","context":"In &quot;Events&quot;","block_context":{"text":"Events","link":"https:\/\/kirche-hilsbach-weiler.de\/hw\/?cat=14"},"img":{"alt_text":"","src":"https:\/\/i0.wp.com\/kirche-hilsbach-weiler.de\/hw\/wp-content\/uploads\/2016\/05\/Kirchenchor-Weiler-presse_ehrungen-2016.jpg?fit=1200%2C800&ssl=1&resize=350%2C200","width":350,"height":200,"srcset":"https:\/\/i0.wp.com\/kirche-hilsbach-weiler.de\/hw\/wp-content\/uploads\/2016\/05\/Kirchenchor-Weiler-presse_ehrungen-2016.jpg?fit=1200%2C800&ssl=1&resize=350%2C200 1x, https:\/\/i0.wp.com\/kirche-hilsbach-weiler.de\/hw\/wp-content\/uploads\/2016\/05\/Kirchenchor-Weiler-presse_ehrungen-2016.jpg?fit=1200%2C800&ssl=1&resize=525%2C300 1.5x, https:\/\/i0.wp.com\/kirche-hilsbach-weiler.de\/hw\/wp-content\/uploads\/2016\/05\/Kirchenchor-Weiler-presse_ehrungen-2016.jpg?fit=1200%2C800&ssl=1&resize=700%2C400 2x, https:\/\/i0.wp.com\/kirche-hilsbach-weiler.de\/hw\/wp-content\/uploads\/2016\/05\/Kirchenchor-Weiler-presse_ehrungen-2016.jpg?fit=1200%2C800&ssl=1&resize=1050%2C600 3x"},"classes":[]},{"id":7981,"url":"https:\/\/kirche-hilsbach-weiler.de\/hw\/?p=7981","url_meta":{"origin":2698,"position":5},"title":"Videoimpuls zu Karfreitag: So ist Vers\u00f6hnung!","author":"Carsten Glaser","date":"9. April 2020","format":false,"excerpt":"https:\/\/youtu.be\/oWokjn0EUKc Herzliche Einladung zur Feier des Heiligen Abendmahls direkt im Anschluss an den Gottesdienst. Wenn Sie mitfeiern wollen, richten Sie sich dazu ein St\u00fcckchen Brot und einen Schluck Wein oder Saft. An der Kirche in Weiler und im Eingang vom Pfarrhaus in Hilsbach liegen bunte Heftchen von den Marburger Medien,\u2026","rel":"","context":"In &quot;Events&quot;","block_context":{"text":"Events","link":"https:\/\/kirche-hilsbach-weiler.de\/hw\/?cat=14"},"img":{"alt_text":"","src":"https:\/\/i0.wp.com\/kirche-hilsbach-weiler.de\/hw\/wp-content\/uploads\/2020\/04\/Pfarrer-Prof.-Dr.-Markus-Printz.jpg?fit=1200%2C675&ssl=1&resize=350%2C200","width":350,"height":200,"srcset":"https:\/\/i0.wp.com\/kirche-hilsbach-weiler.de\/hw\/wp-content\/uploads\/2020\/04\/Pfarrer-Prof.-Dr.-Markus-Printz.jpg?fit=1200%2C675&ssl=1&resize=350%2C200 1x, https:\/\/i0.wp.com\/kirche-hilsbach-weiler.de\/hw\/wp-content\/uploads\/2020\/04\/Pfarrer-Prof.-Dr.-Markus-Printz.jpg?fit=1200%2C675&ssl=1&resize=525%2C300 1.5x, https:\/\/i0.wp.com\/kirche-hilsbach-weiler.de\/hw\/wp-content\/uploads\/2020\/04\/Pfarrer-Prof.-Dr.-Markus-Printz.jpg?fit=1200%2C675&ssl=1&resize=700%2C400 2x, https:\/\/i0.wp.com\/kirche-hilsbach-weiler.de\/hw\/wp-content\/uploads\/2020\/04\/Pfarrer-Prof.-Dr.-Markus-Printz.jpg?fit=1200%2C675&ssl=1&resize=1050%2C600 3x"},"classes":[]}],"jetpack_sharing_enabled":true,"_links":{"self":[{"href":"https:\/\/kirche-hilsbach-weiler.de\/hw\/index.php?rest_route=\/wp\/v2\/posts\/2698","targetHints":{"allow":["GET"]}}],"collection":[{"href":"https:\/\/kirche-hilsbach-weiler.de\/hw\/index.php?rest_route=\/wp\/v2\/posts"}],"about":[{"href":"https:\/\/kirche-hilsbach-weiler.de\/hw\/index.php?rest_route=\/wp\/v2\/types\/post"}],"author":[{"embeddable":true,"href":"https:\/\/kirche-hilsbach-weiler.de\/hw\/index.php?rest_route=\/wp\/v2\/users\/6"}],"replies":[{"embeddable":true,"href":"https:\/\/kirche-hilsbach-weiler.de\/hw\/index.php?rest_route=%2Fwp%2Fv2%2Fcomments&post=2698"}],"version-history":[{"count":0,"href":"https:\/\/kirche-hilsbach-weiler.de\/hw\/index.php?rest_route=\/wp\/v2\/posts\/2698\/revisions"}],"wp:featuredmedia":[{"embeddable":true,"href":"https:\/\/kirche-hilsbach-weiler.de\/hw\/index.php?rest_route=\/wp\/v2\/media\/2701"}],"wp:attachment":[{"href":"https:\/\/kirche-hilsbach-weiler.de\/hw\/index.php?rest_route=%2Fwp%2Fv2%2Fmedia&parent=2698"}],"wp:term":[{"taxonomy":"category","embeddable":true,"href":"https:\/\/kirche-hilsbach-weiler.de\/hw\/index.php?rest_route=%2Fwp%2Fv2%2Fcategories&post=2698"},{"taxonomy":"post_tag","embeddable":true,"href":"https:\/\/kirche-hilsbach-weiler.de\/hw\/index.php?rest_route=%2Fwp%2Fv2%2Ftags&post=2698"}],"curies":[{"name":"wp","href":"https:\/\/api.w.org\/{rel}","templated":true}]}}