{"id":4292,"date":"2015-11-07T12:00:05","date_gmt":"2015-11-07T11:00:05","guid":{"rendered":"https:\/\/kirche-hilsbach-weiler.de\/hw\/?p=4292"},"modified":"2015-11-01T12:46:43","modified_gmt":"2015-11-01T11:46:43","slug":"musik-aus-fuenf-jahrhunderten","status":"publish","type":"post","link":"https:\/\/kirche-hilsbach-weiler.de\/hw\/?p=4292","title":{"rendered":"Musik aus f\u00fcnf Jahrhunderten"},"content":{"rendered":"<h3>Kirchenkonzert mit Orgel, Kirchen- und Posaunenchor<\/h3>\n<p><a href=\"https:\/\/i0.wp.com\/kirche-hilsbach-weiler.de\/hw\/wp-content\/uploads\/2015\/07\/Orgel-Weiler-e1436566182264.jpg?ssl=1\" data-src=\"https:\/\/kirche-hilsbach-weiler.de\/hw\/wp-content\/uploads\/2015\/07\/Orgel-Weiler-e1436566182264.jpg\" data-thumb=\"https:\/\/kirche-hilsbach-weiler.de\/hw\/wp-content\/uploads\/2015\/07\/Orgel-Weiler-248x300.jpg\" class=\"ml-lightbox-enabled\"><img data-recalc-dims=\"1\" loading=\"lazy\" decoding=\"async\" data-attachment-id=\"3952\" data-permalink=\"https:\/\/kirche-hilsbach-weiler.de\/hw\/?attachment_id=3952\" data-orig-file=\"https:\/\/i0.wp.com\/kirche-hilsbach-weiler.de\/hw\/wp-content\/uploads\/2015\/07\/Orgel-Weiler-e1436566182264.jpg?fit=248%2C300&amp;ssl=1\" data-orig-size=\"248,300\" data-comments-opened=\"0\" data-image-meta=\"{&quot;aperture&quot;:&quot;2&quot;,&quot;credit&quot;:&quot;&quot;,&quot;camera&quot;:&quot;D5803&quot;,&quot;caption&quot;:&quot;&quot;,&quot;created_timestamp&quot;:&quot;1432984918&quot;,&quot;copyright&quot;:&quot;&quot;,&quot;focal_length&quot;:&quot;4.6&quot;,&quot;iso&quot;:&quot;100&quot;,&quot;shutter_speed&quot;:&quot;0.03125&quot;,&quot;title&quot;:&quot;&quot;,&quot;orientation&quot;:&quot;6&quot;}\" data-image-title=\"Orgel Weiler\" data-image-description=\"\" data-image-caption=\"&lt;p&gt;Orgel in Weiler nach der Restaurierung&lt;\/p&gt;\n\" data-large-file=\"https:\/\/i0.wp.com\/kirche-hilsbach-weiler.de\/hw\/wp-content\/uploads\/2015\/07\/Orgel-Weiler-e1436566182264.jpg?fit=248%2C300&amp;ssl=1\" class=\" wp-image-3952 imgborder alignleft\" src=\"https:\/\/i0.wp.com\/kirche-hilsbach-weiler.de\/hw\/wp-content\/uploads\/2015\/07\/Orgel-Weiler-248x300.jpg?resize=192%2C232\" alt=\"Orgel in Weiler nach der Restaurierung\" width=\"192\" height=\"232\" \/><\/a>Zwei lange Jahre mussten wir auf sie verzichten: Die von der Firma Steinmeyer nach dem Kirchenbrand komplett restaurierte Walcker-Orgel ist eingebaut und ert\u00f6nt in frischem, vollem Klang. Dass sich die lange Wartezeit gelohnt hat, davon konnten Sie sich in den vergangenen Gottesdiensten bereits \u00fcberzeugen. Laut einem Gutachten des staatlichen Orgelsachverst\u00e4ndigen vom 05.04.1982 handelt es sich bei unserer Orgel aus dem Jahr 1896 um ein au\u00dfergew\u00f6hnliches Kulturdenkmal, da sie eine der ersten aus dem Hause Walcker mit pneumatischer Traktur ist. Diese besitzt viele hundert mit Druckluft bet\u00e4tigte Hubb\u00e4lgchen und Membranen. Daher steht sie vollst\u00e4ndig unter Denkmalschutz.<\/p>\n<p>In einem Konzert am <strong>Sonntag<\/strong>,<strong> 15.11.2015<\/strong>, um <strong>17.00 Uhr<\/strong> wollen wir unser gr\u00f6\u00dftes und bedeutendstes Instrument besonders w\u00fcrdigen. Neben unserer Organistin Cornelia Ritz werden der Kirchenchor Weiler sowie der Posaunenchor zu einem kurzweiligen, abwechslungsreichen Musikereignis beitragen. Dabei werden Werke von Hans Leo Ha\u00dfler, Johann Sebastian Bach, Felix Mendelssohn-Bartholdy, Michael Sch\u00fctz u.a. zu h\u00f6ren sein.<\/p>\n<p>Hierzu sind Sie ganz herzlich eingeladen!<\/p>\n<p><a href=\"https:\/\/i0.wp.com\/kirche-hilsbach-weiler.de\/hw\/wp-content\/uploads\/2015\/11\/Konzert-2015.jpg?ssl=1\" data-src=\"https:\/\/kirche-hilsbach-weiler.de\/hw\/wp-content\/uploads\/2015\/11\/Konzert-2015.jpg\" data-thumb=\"https:\/\/kirche-hilsbach-weiler.de\/hw\/wp-content\/uploads\/2015\/11\/Konzert-2015-212x300.jpg\" class=\"ml-lightbox-enabled\"><img data-recalc-dims=\"1\" loading=\"lazy\" decoding=\"async\" width=\"212\" height=\"300\" data-attachment-id=\"4290\" data-permalink=\"https:\/\/kirche-hilsbach-weiler.de\/hw\/?attachment_id=4290\" data-orig-file=\"https:\/\/i0.wp.com\/kirche-hilsbach-weiler.de\/hw\/wp-content\/uploads\/2015\/11\/Konzert-2015.jpg?fit=794%2C1123&amp;ssl=1\" data-orig-size=\"794,1123\" data-comments-opened=\"0\" data-image-meta=\"{&quot;aperture&quot;:&quot;0&quot;,&quot;credit&quot;:&quot;&quot;,&quot;camera&quot;:&quot;&quot;,&quot;caption&quot;:&quot;&quot;,&quot;created_timestamp&quot;:&quot;0&quot;,&quot;copyright&quot;:&quot;&quot;,&quot;focal_length&quot;:&quot;0&quot;,&quot;iso&quot;:&quot;0&quot;,&quot;shutter_speed&quot;:&quot;0&quot;,&quot;title&quot;:&quot;&quot;,&quot;orientation&quot;:&quot;0&quot;}\" data-image-title=\"Konzert 2015\" data-image-description=\"\" data-image-caption=\"\" data-large-file=\"https:\/\/i0.wp.com\/kirche-hilsbach-weiler.de\/hw\/wp-content\/uploads\/2015\/11\/Konzert-2015.jpg?fit=700%2C990&amp;ssl=1\" class=\"alignnone size-medium wp-image-4290 imgborder\" src=\"https:\/\/i0.wp.com\/kirche-hilsbach-weiler.de\/hw\/wp-content\/uploads\/2015\/11\/Konzert-2015-212x300.jpg?resize=212%2C300\" alt=\"Konzert 2015\" srcset=\"https:\/\/i0.wp.com\/kirche-hilsbach-weiler.de\/hw\/wp-content\/uploads\/2015\/11\/Konzert-2015.jpg?resize=212%2C300&amp;ssl=1 212w, https:\/\/i0.wp.com\/kirche-hilsbach-weiler.de\/hw\/wp-content\/uploads\/2015\/11\/Konzert-2015.jpg?resize=724%2C1024&amp;ssl=1 724w, https:\/\/i0.wp.com\/kirche-hilsbach-weiler.de\/hw\/wp-content\/uploads\/2015\/11\/Konzert-2015.jpg?w=794&amp;ssl=1 794w\" sizes=\"auto, (max-width: 212px) 100vw, 212px\" \/><\/a><\/p>\n","protected":false},"excerpt":{"rendered":"<p>Kirchenkonzert mit Orgel, Kirchen- und Posaunenchor Zwei lange Jahre mussten wir auf sie verzichten: Die von der Firma Steinmeyer nach dem Kirchenbrand komplett restaurierte Walcker-Orgel ist eingebaut und ert\u00f6nt in frischem, vollem Klang. Dass sich die lange Wartezeit gelohnt hat, davon konnten Sie sich in den vergangenen Gottesdiensten bereits \u00fcberzeugen. Laut einem Gutachten des staatlichen &#8230; <span class=\"more\"><a class=\"more-link\" href=\"https:\/\/kirche-hilsbach-weiler.de\/hw\/?p=4292\">[Weiter&#8230;]<\/a><\/span><\/p>\n","protected":false},"author":3,"featured_media":4290,"comment_status":"closed","ping_status":"closed","sticky":false,"template":"","format":"standard","meta":{"ngg_post_thumbnail":0,"_jetpack_newsletter_access":"","_jetpack_dont_email_post_to_subs":false,"_jetpack_newsletter_tier_id":0,"_jetpack_memberships_contains_paywalled_content":false,"_jetpack_memberships_contains_paid_content":false,"footnotes":""},"categories":[14,42],"tags":[73,55,113,117,86,54],"class_list":{"0":"entry","1":"post","2":"publish","3":"author-cglaser","4":"post-4292","6":"format-standard","7":"has-post-thumbnail","8":"category-events","9":"category-news","10":"post_tag-kirchenchor","11":"post_tag-kirchenmusik","12":"post_tag-musik","13":"post_tag-orgel","14":"post_tag-posaunenchor","15":"post_tag-weiler"},"jetpack_featured_media_url":"https:\/\/i0.wp.com\/kirche-hilsbach-weiler.de\/hw\/wp-content\/uploads\/2015\/11\/Konzert-2015.jpg?fit=794%2C1123&ssl=1","jetpack_shortlink":"https:\/\/wp.me\/p4vBdR-17e","jetpack_likes_enabled":false,"jetpack-related-posts":[{"id":3955,"url":"https:\/\/kirche-hilsbach-weiler.de\/hw\/?p=3955","url_meta":{"origin":4292,"position":0},"title":"Wiedereinweihung der Weilerer Walcker-Orgel und Kirchenkaffee","author":"Carsten Glaser","date":"19. Juli 2015","format":false,"excerpt":"Zwei Jahre nach dem Kirchenbrand ist es endlich soweit: Die von der Firma Steinmeyer komplett restaurierte Walcker-Orgel ist eingebaut und kann in frischem vollem Klang ert\u00f6nen. Dass sich die lange Wartezeit gelohnt hat, davon k\u00f6nnen Sie sich im Gottesdienst am Sonntag, 26. Juli 2015 ab 9.00 Uhr in der Evangelischen\u2026","rel":"","context":"In &quot;News&quot;","block_context":{"text":"News","link":"https:\/\/kirche-hilsbach-weiler.de\/hw\/?cat=42"},"img":{"alt_text":"Orgel in Weiler nach der Restaurierung","src":"https:\/\/i0.wp.com\/kirche-hilsbach-weiler.de\/hw\/wp-content\/uploads\/2015\/07\/Orgel-Weiler-150x150.jpg?resize=350%2C200","width":350,"height":200},"classes":[]},{"id":9452,"url":"https:\/\/kirche-hilsbach-weiler.de\/hw\/?p=9452","url_meta":{"origin":4292,"position":1},"title":"Musik aus der Hilsbacher Michaelskirche","author":"Carsten Glaser","date":"21. M\u00e4rz 2021","format":false,"excerpt":"Sch\u00e4tze der Kirche und das Instrument des Jahres 2021 Bei den Sch\u00e4tzen der Kirche denken wir nat\u00fcrlich zuerst an die Gemeindeglieder und das ist auch richtig so. Aber auch unsere Kirchengeb\u00e4ude sind ein wahrer Schatz, machen sie es doch m\u00f6glich, dass wir dort Gott, unseren Mitmenschen und uns selbst begegnen.\u2026","rel":"","context":"In &quot;News&quot;","block_context":{"text":"News","link":"https:\/\/kirche-hilsbach-weiler.de\/hw\/?cat=42"},"img":{"alt_text":"","src":"https:\/\/i0.wp.com\/kirche-hilsbach-weiler.de\/hw\/wp-content\/uploads\/2021\/03\/O00-scaled-e1616324882844.jpg?fit=1200%2C853&ssl=1&resize=350%2C200","width":350,"height":200,"srcset":"https:\/\/i0.wp.com\/kirche-hilsbach-weiler.de\/hw\/wp-content\/uploads\/2021\/03\/O00-scaled-e1616324882844.jpg?fit=1200%2C853&ssl=1&resize=350%2C200 1x, https:\/\/i0.wp.com\/kirche-hilsbach-weiler.de\/hw\/wp-content\/uploads\/2021\/03\/O00-scaled-e1616324882844.jpg?fit=1200%2C853&ssl=1&resize=525%2C300 1.5x, https:\/\/i0.wp.com\/kirche-hilsbach-weiler.de\/hw\/wp-content\/uploads\/2021\/03\/O00-scaled-e1616324882844.jpg?fit=1200%2C853&ssl=1&resize=700%2C400 2x, https:\/\/i0.wp.com\/kirche-hilsbach-weiler.de\/hw\/wp-content\/uploads\/2021\/03\/O00-scaled-e1616324882844.jpg?fit=1200%2C853&ssl=1&resize=1050%2C600 3x"},"classes":[]},{"id":4217,"url":"https:\/\/kirche-hilsbach-weiler.de\/hw\/?p=4217","url_meta":{"origin":4292,"position":2},"title":"Konzertreihe wird fortgesetzt","author":"Carsten Glaser","date":"11. Oktober 2015","format":false,"excerpt":"- auf SalzCH\u00d6Rner folgt invocanto Die Zeit von Oktober bis Dezember ist in diesem Jahr unser 'kirchenmusikalisches Quartal', denn in diesem Zeitraum sind die evangelischen Kirchen in Hilsbach und Weiler Austragungsorte zahlreicher Konzertveranstaltungen unterschiedlichster Art: Bereits Anfang Oktober wurde die Reihe von den SalzCH\u00d6Rnern mit ihrem Programm 'Anker in der\u2026","rel":"","context":"In &quot;News&quot;","block_context":{"text":"News","link":"https:\/\/kirche-hilsbach-weiler.de\/hw\/?cat=42"},"img":{"alt_text":"","src":"https:\/\/i0.wp.com\/kirche-hilsbach-weiler.de\/hw\/wp-content\/uploads\/2015\/10\/SalzCH%C3%96Rner-Konzert7.jpg?fit=1200%2C883&ssl=1&resize=350%2C200","width":350,"height":200,"srcset":"https:\/\/i0.wp.com\/kirche-hilsbach-weiler.de\/hw\/wp-content\/uploads\/2015\/10\/SalzCH%C3%96Rner-Konzert7.jpg?fit=1200%2C883&ssl=1&resize=350%2C200 1x, https:\/\/i0.wp.com\/kirche-hilsbach-weiler.de\/hw\/wp-content\/uploads\/2015\/10\/SalzCH%C3%96Rner-Konzert7.jpg?fit=1200%2C883&ssl=1&resize=525%2C300 1.5x, https:\/\/i0.wp.com\/kirche-hilsbach-weiler.de\/hw\/wp-content\/uploads\/2015\/10\/SalzCH%C3%96Rner-Konzert7.jpg?fit=1200%2C883&ssl=1&resize=700%2C400 2x, https:\/\/i0.wp.com\/kirche-hilsbach-weiler.de\/hw\/wp-content\/uploads\/2015\/10\/SalzCH%C3%96Rner-Konzert7.jpg?fit=1200%2C883&ssl=1&resize=1050%2C600 3x"},"classes":[]},{"id":11672,"url":"https:\/\/kirche-hilsbach-weiler.de\/hw\/?p=11672","url_meta":{"origin":4292,"position":3},"title":"invocanto-Konzert","author":"Carsten Glaser","date":"27. September 2025","format":false,"excerpt":"aus f\u00fcnf Jahrhunderten invocanto Konzert am 19. Oktober Chormusik aus Renaissance, Barock, Romantik und Moderne \u2013 gesungen in den Originalsprachen Latein, Englisch, Franz\u00f6sisch und Deutsch. Mit Werken von Johann Walter, Melchior Franck, Felix Mendelssohn-Bartholdy, Max Reger und Igor Strawinsky. Das invocanto Vakalensemble musiziert zusammen mit Martin Schreiner an der Orgel.\u2026","rel":"","context":"In &quot;Events&quot;","block_context":{"text":"Events","link":"https:\/\/kirche-hilsbach-weiler.de\/hw\/?cat=14"},"img":{"alt_text":"","src":"https:\/\/i0.wp.com\/kirche-hilsbach-weiler.de\/hw\/wp-content\/uploads\/2025\/09\/IMG_6738.jpeg?fit=678%2C957&ssl=1&resize=350%2C200","width":350,"height":200,"srcset":"https:\/\/i0.wp.com\/kirche-hilsbach-weiler.de\/hw\/wp-content\/uploads\/2025\/09\/IMG_6738.jpeg?fit=678%2C957&ssl=1&resize=350%2C200 1x, https:\/\/i0.wp.com\/kirche-hilsbach-weiler.de\/hw\/wp-content\/uploads\/2025\/09\/IMG_6738.jpeg?fit=678%2C957&ssl=1&resize=525%2C300 1.5x"},"classes":[]},{"id":3321,"url":"https:\/\/kirche-hilsbach-weiler.de\/hw\/?p=3321","url_meta":{"origin":4292,"position":4},"title":"Das Fest vorm Fest &#8211; in der ev. Kirche Weiler!","author":"Administrator","date":"15. Dezember 2014","format":false,"excerpt":"Wir haben unsere evangelische Kirche in Weiler wieder - und das wollen wir feiern! Seien Sie dabei und feiern Sie mit uns am 4. Advent-Sonntag, 21. Dezember: 9:00 Gottesdienst Kirch-Caf\u00e9 Orgel-Matinee 19:30 Abendmusik Gl\u00fchwein und Plausch Im Anschluss an das Kirch-Caf\u00e9 nach dem Gottesdienst, um ca. 10:15 Uhr, stellt Peter\u2026","rel":"","context":"In &quot;News&quot;","block_context":{"text":"News","link":"https:\/\/kirche-hilsbach-weiler.de\/hw\/?cat=42"},"img":{"alt_text":"","src":"https:\/\/i0.wp.com\/kirche-hilsbach-weiler.de\/hw\/wp-content\/uploads\/2014\/12\/fest2.png?fit=1200%2C848&ssl=1&resize=350%2C200","width":350,"height":200,"srcset":"https:\/\/i0.wp.com\/kirche-hilsbach-weiler.de\/hw\/wp-content\/uploads\/2014\/12\/fest2.png?fit=1200%2C848&ssl=1&resize=350%2C200 1x, https:\/\/i0.wp.com\/kirche-hilsbach-weiler.de\/hw\/wp-content\/uploads\/2014\/12\/fest2.png?fit=1200%2C848&ssl=1&resize=525%2C300 1.5x, https:\/\/i0.wp.com\/kirche-hilsbach-weiler.de\/hw\/wp-content\/uploads\/2014\/12\/fest2.png?fit=1200%2C848&ssl=1&resize=700%2C400 2x, https:\/\/i0.wp.com\/kirche-hilsbach-weiler.de\/hw\/wp-content\/uploads\/2014\/12\/fest2.png?fit=1200%2C848&ssl=1&resize=1050%2C600 3x"},"classes":[]},{"id":3890,"url":"https:\/\/kirche-hilsbach-weiler.de\/hw\/?p=3890","url_meta":{"origin":4292,"position":5},"title":"Verabschiedung von Damaris und David Brunner","author":"Administrator","date":"24. Juni 2015","format":false,"excerpt":"Das war ein rauschendes Fest, welches die beiden Gemeinden Hilsbach und Weiler am 21.06.2015 zur Verabschiedung ihres Pfarrers David Brunner und seiner Frau gefeiert haben. David Brunner, der 2009 mit seiner Frau Damaris in die Gemeinden kam, wurde verabschiedet mit einem festlichen Gottesdienst, der es in sich hatte. Ein swingender\u2026","rel":"","context":"In &quot;News&quot;","block_context":{"text":"News","link":"https:\/\/kirche-hilsbach-weiler.de\/hw\/?cat=42"},"img":{"alt_text":"","src":"https:\/\/i0.wp.com\/kirche-hilsbach-weiler.de\/hw\/wp-content\/uploads\/2015\/06\/P1050674.jpg?fit=1200%2C900&ssl=1&resize=350%2C200","width":350,"height":200,"srcset":"https:\/\/i0.wp.com\/kirche-hilsbach-weiler.de\/hw\/wp-content\/uploads\/2015\/06\/P1050674.jpg?fit=1200%2C900&ssl=1&resize=350%2C200 1x, https:\/\/i0.wp.com\/kirche-hilsbach-weiler.de\/hw\/wp-content\/uploads\/2015\/06\/P1050674.jpg?fit=1200%2C900&ssl=1&resize=525%2C300 1.5x, https:\/\/i0.wp.com\/kirche-hilsbach-weiler.de\/hw\/wp-content\/uploads\/2015\/06\/P1050674.jpg?fit=1200%2C900&ssl=1&resize=700%2C400 2x, https:\/\/i0.wp.com\/kirche-hilsbach-weiler.de\/hw\/wp-content\/uploads\/2015\/06\/P1050674.jpg?fit=1200%2C900&ssl=1&resize=1050%2C600 3x"},"classes":[]}],"jetpack_sharing_enabled":true,"_links":{"self":[{"href":"https:\/\/kirche-hilsbach-weiler.de\/hw\/index.php?rest_route=\/wp\/v2\/posts\/4292","targetHints":{"allow":["GET"]}}],"collection":[{"href":"https:\/\/kirche-hilsbach-weiler.de\/hw\/index.php?rest_route=\/wp\/v2\/posts"}],"about":[{"href":"https:\/\/kirche-hilsbach-weiler.de\/hw\/index.php?rest_route=\/wp\/v2\/types\/post"}],"author":[{"embeddable":true,"href":"https:\/\/kirche-hilsbach-weiler.de\/hw\/index.php?rest_route=\/wp\/v2\/users\/3"}],"replies":[{"embeddable":true,"href":"https:\/\/kirche-hilsbach-weiler.de\/hw\/index.php?rest_route=%2Fwp%2Fv2%2Fcomments&post=4292"}],"version-history":[{"count":0,"href":"https:\/\/kirche-hilsbach-weiler.de\/hw\/index.php?rest_route=\/wp\/v2\/posts\/4292\/revisions"}],"wp:featuredmedia":[{"embeddable":true,"href":"https:\/\/kirche-hilsbach-weiler.de\/hw\/index.php?rest_route=\/wp\/v2\/media\/4290"}],"wp:attachment":[{"href":"https:\/\/kirche-hilsbach-weiler.de\/hw\/index.php?rest_route=%2Fwp%2Fv2%2Fmedia&parent=4292"}],"wp:term":[{"taxonomy":"category","embeddable":true,"href":"https:\/\/kirche-hilsbach-weiler.de\/hw\/index.php?rest_route=%2Fwp%2Fv2%2Fcategories&post=4292"},{"taxonomy":"post_tag","embeddable":true,"href":"https:\/\/kirche-hilsbach-weiler.de\/hw\/index.php?rest_route=%2Fwp%2Fv2%2Ftags&post=4292"}],"curies":[{"name":"wp","href":"https:\/\/api.w.org\/{rel}","templated":true}]}}