{"id":5175,"date":"2016-10-16T10:00:44","date_gmt":"2016-10-16T08:00:44","guid":{"rendered":"https:\/\/kirche-hilsbach-weiler.de\/hw\/?p=5175"},"modified":"2016-10-15T19:01:43","modified_gmt":"2016-10-15T17:01:43","slug":"invocanto-konzert","status":"publish","type":"post","link":"https:\/\/kirche-hilsbach-weiler.de\/hw\/?p=5175","title":{"rendered":"Invocanto-Konzert"},"content":{"rendered":"<p><img data-recalc-dims=\"1\" loading=\"lazy\" decoding=\"async\" data-attachment-id=\"3103\" data-permalink=\"https:\/\/kirche-hilsbach-weiler.de\/hw\/?attachment_id=3103\" data-orig-file=\"https:\/\/i0.wp.com\/kirche-hilsbach-weiler.de\/hw\/wp-content\/uploads\/2014\/09\/invocanto_I.jpg?fit=800%2C499&amp;ssl=1\" data-orig-size=\"800,499\" data-comments-opened=\"0\" data-image-meta=\"{&quot;aperture&quot;:&quot;4.5&quot;,&quot;credit&quot;:&quot;&quot;,&quot;camera&quot;:&quot;NIKON D5100&quot;,&quot;caption&quot;:&quot;&quot;,&quot;created_timestamp&quot;:&quot;1406468932&quot;,&quot;copyright&quot;:&quot;&quot;,&quot;focal_length&quot;:&quot;19&quot;,&quot;iso&quot;:&quot;200&quot;,&quot;shutter_speed&quot;:&quot;0.003125&quot;,&quot;title&quot;:&quot;&quot;}\" data-image-title=\"invocanto_I\" data-image-description=\"\" data-image-caption=\"\" data-large-file=\"https:\/\/i0.wp.com\/kirche-hilsbach-weiler.de\/hw\/wp-content\/uploads\/2014\/09\/invocanto_I.jpg?fit=700%2C437&amp;ssl=1\" class=\"imgborder wp-image-3103 size-medium alignnone\" src=\"https:\/\/i0.wp.com\/kirche-hilsbach-weiler.de\/hw\/wp-content\/uploads\/2014\/09\/invocanto_I-300x187.jpg?resize=300%2C187\" alt=\"invocanto_I\" width=\"300\" height=\"187\" srcset=\"https:\/\/i0.wp.com\/kirche-hilsbach-weiler.de\/hw\/wp-content\/uploads\/2014\/09\/invocanto_I.jpg?resize=300%2C187&amp;ssl=1 300w, https:\/\/i0.wp.com\/kirche-hilsbach-weiler.de\/hw\/wp-content\/uploads\/2014\/09\/invocanto_I.jpg?w=800&amp;ssl=1 800w\" sizes=\"auto, (max-width: 300px) 100vw, 300px\" \/><\/p>\n<p>Das invocanto Vokalensemble er\u00f6ffnet am kommenden Sonntag unser wahrlich veranstaltungsreiches 4. Quartal, welches von Gospel bis Klassik und von Jung bis Alt alles zu bieten hat:<\/p>\n<p>Im Rahmen der Sinsheimer Kulturtage erklingt am Sonntag, 23. Oktober 2016, 19.30 Uhr in unserer Kirche in Weiler Musik des Protestantismus im 17. Jahrhundert &#8216;von Bach bis Sch\u00fctz&#8217;.<br \/>\nNeben dem invocanto Vokalensemble singen und spielen unter der Leitung von Peter Laue:<br \/>\nLydia Leitner und Ina H\u00fcbner &#8211; Sopran<br \/>\nLaura Skamulyte &#8211; Alt<br \/>\nGert Bachmeier &#8211; Tenor<br \/>\nLucian Eller &#8211; Bass<br \/>\nKatrin D\u00fcringer &#8211; Orgel<br \/>\nCollegium musicum<br \/>\nVeranstalter: invocanto Vokalensemble, Eintritt: 10 \u20ac (Abendkasse 12 \u20ac), Sch\u00fcler frei<br \/>\nVorverkauf: Buchhandlung Doll, B\u00fccherland, Raiffeisenbank Weiler<br \/>\nKarten-Hotline zum Vorverkaufspreis: 07261 8733042<br \/>\nTicket-Mail: &#x6f;&#x72;&#x64;&#x65;&#x72;&#x40;&#x69;&#110;&#118;&#111;&#99;&#97;nto&#46;&#x64;&#x65;<\/p>\n<p>Alle weiteren Veranstaltungen im \u00dcberblick finden Sie, wenn Sie <a href=\"https:\/\/kirche-hilsbach-weiler.de\/hw\/?page_id=2790&amp;ai1ec=action~stream|request_format~html|cat_ids~115\">diesen Link<\/a> anklicken.<\/p>\n","protected":false},"excerpt":{"rendered":"<p>Das invocanto Vokalensemble er\u00f6ffnet am kommenden Sonntag unser wahrlich veranstaltungsreiches 4. Quartal, welches von Gospel bis Klassik und von Jung bis Alt alles zu bieten hat: Im Rahmen der Sinsheimer Kulturtage erklingt am Sonntag, 23. Oktober 2016, 19.30 Uhr in unserer Kirche in Weiler Musik des Protestantismus im 17. Jahrhundert &#8216;von Bach bis Sch\u00fctz&#8217;. Neben &#8230; <span class=\"more\"><a class=\"more-link\" href=\"https:\/\/kirche-hilsbach-weiler.de\/hw\/?p=5175\">[Weiter&#8230;]<\/a><\/span><\/p>\n","protected":false},"author":3,"featured_media":3103,"comment_status":"closed","ping_status":"closed","sticky":false,"template":"","format":"standard","meta":{"ngg_post_thumbnail":0,"_jetpack_newsletter_access":"","_jetpack_dont_email_post_to_subs":false,"_jetpack_newsletter_tier_id":0,"_jetpack_memberships_contains_paywalled_content":false,"_jetpack_memberships_contains_paid_content":false,"footnotes":""},"categories":[14,42],"tags":[63,70,55,113],"class_list":{"0":"entry","1":"post","2":"publish","3":"author-cglaser","4":"post-5175","6":"format-standard","7":"has-post-thumbnail","8":"category-events","9":"category-news","10":"post_tag-chor","11":"post_tag-kirche","12":"post_tag-kirchenmusik","13":"post_tag-musik"},"jetpack_featured_media_url":"https:\/\/i0.wp.com\/kirche-hilsbach-weiler.de\/hw\/wp-content\/uploads\/2014\/09\/invocanto_I.jpg?fit=800%2C499&ssl=1","jetpack_shortlink":"https:\/\/wp.me\/p4vBdR-1lt","jetpack_likes_enabled":false,"jetpack-related-posts":[{"id":11082,"url":"https:\/\/kirche-hilsbach-weiler.de\/hw\/?p=11082","url_meta":{"origin":5175,"position":0},"title":"invocanto-Konzert","author":"Carsten Glaser","date":"25. Februar 2024","format":false,"excerpt":"Aus italienischen Kathedralen und Pal\u00e4sten invocanto Konzert am 17. M\u00e4rz Nach \u00fcber vierj\u00e4hriger Pause freut sich unser invocanto Vokalensemble, endlich wieder ein Konzert zur Auff\u00fchrung bringen zu k\u00f6nnen. Unter dem Titel \u201eaus italienischen Kathedralen und Pal\u00e4sten\u201c werden geistliche und weltliche Werke von Giovanni Anerio, Alessandro Scarlatti, Giuseppe Pitoni und Antonio\u2026","rel":"","context":"In &quot;Events&quot;","block_context":{"text":"Events","link":"https:\/\/kirche-hilsbach-weiler.de\/hw\/?cat=14"},"img":{"alt_text":"","src":"https:\/\/i0.wp.com\/kirche-hilsbach-weiler.de\/hw\/wp-content\/uploads\/2024\/02\/invocanto_03-2024_l.jpg?fit=850%2C1200&ssl=1&resize=350%2C200","width":350,"height":200,"srcset":"https:\/\/i0.wp.com\/kirche-hilsbach-weiler.de\/hw\/wp-content\/uploads\/2024\/02\/invocanto_03-2024_l.jpg?fit=850%2C1200&ssl=1&resize=350%2C200 1x, https:\/\/i0.wp.com\/kirche-hilsbach-weiler.de\/hw\/wp-content\/uploads\/2024\/02\/invocanto_03-2024_l.jpg?fit=850%2C1200&ssl=1&resize=525%2C300 1.5x, https:\/\/i0.wp.com\/kirche-hilsbach-weiler.de\/hw\/wp-content\/uploads\/2024\/02\/invocanto_03-2024_l.jpg?fit=850%2C1200&ssl=1&resize=700%2C400 2x"},"classes":[]},{"id":4191,"url":"https:\/\/kirche-hilsbach-weiler.de\/hw\/?p=4191","url_meta":{"origin":5175,"position":1},"title":"invocanto singt &#8216;Musikalische Exequien&#8221;","author":"Carsten Glaser","date":"5. Oktober 2015","format":false,"excerpt":"Im Rahmen der Sinsheimer Kulturtage erklingen am Samstag, 17. Oktober 2015, 19.00 Uhr in unserer Kirche in Weiler die \"Musikalischen Exequien\" von Heinrich Sch\u00fctz und die \"Seligpreisungen\" von Johann Herrmann Schein. Beide Komponisten, die eine jahrzehntelange pers\u00f6nliche Freundschaft verband, geh\u00f6rten zu den Superstars der musikalischen Szene des fr\u00fchen 17. Jahrhunderts.\u2026","rel":"","context":"In &quot;Events&quot;","block_context":{"text":"Events","link":"https:\/\/kirche-hilsbach-weiler.de\/hw\/?cat=14"},"img":{"alt_text":"","src":"https:\/\/i0.wp.com\/kirche-hilsbach-weiler.de\/hw\/wp-content\/uploads\/2014\/09\/invocanto_I.jpg?fit=800%2C499&ssl=1&resize=350%2C200","width":350,"height":200,"srcset":"https:\/\/i0.wp.com\/kirche-hilsbach-weiler.de\/hw\/wp-content\/uploads\/2014\/09\/invocanto_I.jpg?fit=800%2C499&ssl=1&resize=350%2C200 1x, https:\/\/i0.wp.com\/kirche-hilsbach-weiler.de\/hw\/wp-content\/uploads\/2014\/09\/invocanto_I.jpg?fit=800%2C499&ssl=1&resize=525%2C300 1.5x, https:\/\/i0.wp.com\/kirche-hilsbach-weiler.de\/hw\/wp-content\/uploads\/2014\/09\/invocanto_I.jpg?fit=800%2C499&ssl=1&resize=700%2C400 2x"},"classes":[]},{"id":5812,"url":"https:\/\/kirche-hilsbach-weiler.de\/hw\/?p=5812","url_meta":{"origin":5175,"position":2},"title":"Konzertherbst 2017","author":"Carsten Glaser","date":"8. Oktober 2017","format":false,"excerpt":"Der Herbst ist traditionell die Zeit vieler Konzerthighlights in unserer Kirchengemeinde: Von Oktober bis Dezember sind vor allem die evangelischen Kirchen in Hilsbach und Weiler Austragungsorte zahlreicher Konzertveranstaltungen unterschiedlichster Art: Bereits am 14. Oktober steht in der Weilerer Kirche das erste musikalische Event an: Chor-Konzert - von der Reformation bis\u2026","rel":"","context":"In &quot;Events&quot;","block_context":{"text":"Events","link":"https:\/\/kirche-hilsbach-weiler.de\/hw\/?cat=14"},"img":{"alt_text":"","src":"https:\/\/i0.wp.com\/kirche-hilsbach-weiler.de\/hw\/wp-content\/uploads\/2017\/10\/chor.jpg?fit=1200%2C797&ssl=1&resize=350%2C200","width":350,"height":200,"srcset":"https:\/\/i0.wp.com\/kirche-hilsbach-weiler.de\/hw\/wp-content\/uploads\/2017\/10\/chor.jpg?fit=1200%2C797&ssl=1&resize=350%2C200 1x, https:\/\/i0.wp.com\/kirche-hilsbach-weiler.de\/hw\/wp-content\/uploads\/2017\/10\/chor.jpg?fit=1200%2C797&ssl=1&resize=525%2C300 1.5x, https:\/\/i0.wp.com\/kirche-hilsbach-weiler.de\/hw\/wp-content\/uploads\/2017\/10\/chor.jpg?fit=1200%2C797&ssl=1&resize=700%2C400 2x, https:\/\/i0.wp.com\/kirche-hilsbach-weiler.de\/hw\/wp-content\/uploads\/2017\/10\/chor.jpg?fit=1200%2C797&ssl=1&resize=1050%2C600 3x"},"classes":[]},{"id":6724,"url":"https:\/\/kirche-hilsbach-weiler.de\/hw\/?p=6724","url_meta":{"origin":5175,"position":3},"title":"Kirchenmusikalischer Gottesdienst","author":"Carsten Glaser","date":"10. Juni 2018","format":false,"excerpt":"Neben Liedern der ganzen Gemeinde l\u00e4sst das invocanto Vokalensemble im Rahmen eines besonderen Gottesdienstes am Sonntag, 17.06.2018 in der Evangelischen Kirche Weiler ab 10 Uhr einige der Psalmen Davids aus der gleichnamigen Sammlung von Vertonungen des Heinrich Sch\u00fctz (1585-1672) erklingen. Der im th\u00fcringischen K\u00f6stritz geborene Sohn eines Gastwirts und Gutsverwalters\u2026","rel":"","context":"In &quot;Events&quot;","block_context":{"text":"Events","link":"https:\/\/kirche-hilsbach-weiler.de\/hw\/?cat=14"},"img":{"alt_text":"","src":"https:\/\/i0.wp.com\/kirche-hilsbach-weiler.de\/hw\/wp-content\/uploads\/2017\/11\/invocanto_portfolio.jpg?resize=350%2C200&ssl=1","width":350,"height":200},"classes":[]},{"id":3087,"url":"https:\/\/kirche-hilsbach-weiler.de\/hw\/?p=3087","url_meta":{"origin":5175,"position":4},"title":"invocanto-Konzert am 12. Oktober 2014","author":"Administrator","date":"30. September 2014","format":false,"excerpt":"Das Weilerer \"invocanto Vokalensemble\" wird in diesem Jahr wieder die Sinsheimer Kulturtage mitgestalten. Der Chor l\u00e4dt ganz herzlich ein zum Konzert am Sonntag, den 12. Oktober 2014, \u00a0um 18:00 Uhr in die katholische \u00a0Kirche in Weiler. Zur Auff\u00fchrung kommen Werke von Joseph Haydn. Das Orchester spielt auf historischen Instrumenten. Als\u2026","rel":"","context":"In &quot;News&quot;","block_context":{"text":"News","link":"https:\/\/kirche-hilsbach-weiler.de\/hw\/?cat=42"},"img":{"alt_text":"","src":"https:\/\/i0.wp.com\/kirche-hilsbach-weiler.de\/hw\/wp-content\/uploads\/2014\/09\/invocanto_I.jpg?fit=800%2C499&ssl=1&resize=350%2C200","width":350,"height":200,"srcset":"https:\/\/i0.wp.com\/kirche-hilsbach-weiler.de\/hw\/wp-content\/uploads\/2014\/09\/invocanto_I.jpg?fit=800%2C499&ssl=1&resize=350%2C200 1x, https:\/\/i0.wp.com\/kirche-hilsbach-weiler.de\/hw\/wp-content\/uploads\/2014\/09\/invocanto_I.jpg?fit=800%2C499&ssl=1&resize=525%2C300 1.5x, https:\/\/i0.wp.com\/kirche-hilsbach-weiler.de\/hw\/wp-content\/uploads\/2014\/09\/invocanto_I.jpg?fit=800%2C499&ssl=1&resize=700%2C400 2x"},"classes":[]},{"id":5615,"url":"https:\/\/kirche-hilsbach-weiler.de\/hw\/?p=5615","url_meta":{"origin":5175,"position":5},"title":"Musik aus f\u00fcnf Jahrhunderten","author":"Carsten Glaser","date":"19. M\u00e4rz 2017","format":false,"excerpt":"Chor a cappella - Musik aus f\u00fcnf Jahrhunderten 2. April 2017, 18 Uhr, Evangelische Kirche Weiler Im a-cappella Konzert singt das invocanto Vokalensemble geistliche Werke bedeutender Komponisten aus f\u00fcnf Jahrhunderten.\u00a0 Auf dem Programm stehen St\u00fccke von Johann Walter, Melchior Franck, Joseph Haydn, Max Reger und Igor Strawinsky, erg\u00e4nzt durch historisch\u2026","rel":"","context":"In &quot;Events&quot;","block_context":{"text":"Events","link":"https:\/\/kirche-hilsbach-weiler.de\/hw\/?cat=14"},"img":{"alt_text":"","src":"https:\/\/i0.wp.com\/kirche-hilsbach-weiler.de\/hw\/wp-content\/uploads\/2017\/03\/invocanto-plakat-gro%C3%9F-213x300.jpg?resize=350%2C200","width":350,"height":200},"classes":[]}],"jetpack_sharing_enabled":true,"_links":{"self":[{"href":"https:\/\/kirche-hilsbach-weiler.de\/hw\/index.php?rest_route=\/wp\/v2\/posts\/5175","targetHints":{"allow":["GET"]}}],"collection":[{"href":"https:\/\/kirche-hilsbach-weiler.de\/hw\/index.php?rest_route=\/wp\/v2\/posts"}],"about":[{"href":"https:\/\/kirche-hilsbach-weiler.de\/hw\/index.php?rest_route=\/wp\/v2\/types\/post"}],"author":[{"embeddable":true,"href":"https:\/\/kirche-hilsbach-weiler.de\/hw\/index.php?rest_route=\/wp\/v2\/users\/3"}],"replies":[{"embeddable":true,"href":"https:\/\/kirche-hilsbach-weiler.de\/hw\/index.php?rest_route=%2Fwp%2Fv2%2Fcomments&post=5175"}],"version-history":[{"count":0,"href":"https:\/\/kirche-hilsbach-weiler.de\/hw\/index.php?rest_route=\/wp\/v2\/posts\/5175\/revisions"}],"wp:featuredmedia":[{"embeddable":true,"href":"https:\/\/kirche-hilsbach-weiler.de\/hw\/index.php?rest_route=\/wp\/v2\/media\/3103"}],"wp:attachment":[{"href":"https:\/\/kirche-hilsbach-weiler.de\/hw\/index.php?rest_route=%2Fwp%2Fv2%2Fmedia&parent=5175"}],"wp:term":[{"taxonomy":"category","embeddable":true,"href":"https:\/\/kirche-hilsbach-weiler.de\/hw\/index.php?rest_route=%2Fwp%2Fv2%2Fcategories&post=5175"},{"taxonomy":"post_tag","embeddable":true,"href":"https:\/\/kirche-hilsbach-weiler.de\/hw\/index.php?rest_route=%2Fwp%2Fv2%2Ftags&post=5175"}],"curies":[{"name":"wp","href":"https:\/\/api.w.org\/{rel}","templated":true}]}}