{"id":5401,"date":"2017-01-01T00:01:41","date_gmt":"2016-12-31T23:01:41","guid":{"rendered":"https:\/\/kirche-hilsbach-weiler.de\/hw\/?p=5401"},"modified":"2016-12-31T11:40:31","modified_gmt":"2016-12-31T10:40:31","slug":"herzensangelegeheit","status":"publish","type":"post","link":"https:\/\/kirche-hilsbach-weiler.de\/hw\/?p=5401","title":{"rendered":"Herzensangelegeheit"},"content":{"rendered":"<p><em>&#8220;<span class=\"lexem\">etwas, was f\u00fcr jemanden ganz pers\u00f6nlich von gro\u00dfer Wichtigkeit ist, was jemandem besonders am Herzen liegt<\/span>&#8220;. <\/em><\/p>\n<p>So steht es im Rechtschreibw\u00f6rterbuch der deutschen Sprache, dem <a href=\"http:\/\/www.duden.de\/rechtschreibung\/Herzensangelegenheit\" target=\"_blank\">Duden<\/a>.<\/p>\n<p><strong>Was ist Ihnen im neuen Jahr ganz pers\u00f6nlich von gro\u00dfer Wichtigkeit? <\/strong><\/p>\n<p style=\"text-align: left;\"><strong>Was liegt Ihnen 2017 besonders am Herzen?<\/strong><br \/>\n<a href=\"https:\/\/i0.wp.com\/kirche-hilsbach-weiler.de\/hw\/wp-content\/uploads\/2016\/12\/a56e31a4-be4f-42b2-a26d-224f4ff88d2a.png?ssl=1\" data-src=\"https:\/\/kirche-hilsbach-weiler.de\/hw\/wp-content\/uploads\/2016\/12\/a56e31a4-be4f-42b2-a26d-224f4ff88d2a.png\" data-thumb=\"https:\/\/kirche-hilsbach-weiler.de\/hw\/wp-content\/uploads\/2016\/12\/a56e31a4-be4f-42b2-a26d-224f4ff88d2a-300x75.png\" class=\"ml-lightbox-enabled\"><img data-recalc-dims=\"1\" loading=\"lazy\" decoding=\"async\" width=\"300\" height=\"75\" data-attachment-id=\"5403\" data-permalink=\"https:\/\/kirche-hilsbach-weiler.de\/hw\/?attachment_id=5403\" data-orig-file=\"https:\/\/i0.wp.com\/kirche-hilsbach-weiler.de\/hw\/wp-content\/uploads\/2016\/12\/a56e31a4-be4f-42b2-a26d-224f4ff88d2a.png?fit=1280%2C320&amp;ssl=1\" data-orig-size=\"1280,320\" data-comments-opened=\"0\" data-image-meta=\"{&quot;aperture&quot;:&quot;0&quot;,&quot;credit&quot;:&quot;&quot;,&quot;camera&quot;:&quot;&quot;,&quot;caption&quot;:&quot;&quot;,&quot;created_timestamp&quot;:&quot;0&quot;,&quot;copyright&quot;:&quot;&quot;,&quot;focal_length&quot;:&quot;0&quot;,&quot;iso&quot;:&quot;0&quot;,&quot;shutter_speed&quot;:&quot;0&quot;,&quot;title&quot;:&quot;&quot;,&quot;orientation&quot;:&quot;0&quot;}\" data-image-title=\"a56e31a4-be4f-42b2-a26d-224f4ff88d2a\" data-image-description=\"\" data-image-caption=\"\" data-large-file=\"https:\/\/i0.wp.com\/kirche-hilsbach-weiler.de\/hw\/wp-content\/uploads\/2016\/12\/a56e31a4-be4f-42b2-a26d-224f4ff88d2a.png?fit=700%2C175&amp;ssl=1\" class=\"aligncenter size-medium wp-image-5403 imgborder\" src=\"https:\/\/i0.wp.com\/kirche-hilsbach-weiler.de\/hw\/wp-content\/uploads\/2016\/12\/a56e31a4-be4f-42b2-a26d-224f4ff88d2a-300x75.png?resize=300%2C75\" alt=\"\" srcset=\"https:\/\/i0.wp.com\/kirche-hilsbach-weiler.de\/hw\/wp-content\/uploads\/2016\/12\/a56e31a4-be4f-42b2-a26d-224f4ff88d2a.png?resize=300%2C75&amp;ssl=1 300w, https:\/\/i0.wp.com\/kirche-hilsbach-weiler.de\/hw\/wp-content\/uploads\/2016\/12\/a56e31a4-be4f-42b2-a26d-224f4ff88d2a.png?resize=768%2C192&amp;ssl=1 768w, https:\/\/i0.wp.com\/kirche-hilsbach-weiler.de\/hw\/wp-content\/uploads\/2016\/12\/a56e31a4-be4f-42b2-a26d-224f4ff88d2a.png?resize=1024%2C256&amp;ssl=1 1024w, https:\/\/i0.wp.com\/kirche-hilsbach-weiler.de\/hw\/wp-content\/uploads\/2016\/12\/a56e31a4-be4f-42b2-a26d-224f4ff88d2a.png?w=1280&amp;ssl=1 1280w\" sizes=\"auto, (max-width: 300px) 100vw, 300px\" \/><\/a><br \/>\nF\u00fcr uns als Kirchengemeinder\u00e4te ist das weitere und tiefere Zusammenwachsen in der gemeinsamen Kirchengemeinde HilsbachWeiler eine Herzensangelegenheit im vor uns liegenden Jahr. So weit es uns m\u00f6glich ist, m\u00f6chten wir daf\u00fcr weiterhin &#8220;gute klimatische Bedingungen&#8221; schaffen. Doch es liegt an jedem einzelnen, wie er auf den anderen zu geht und wo er seinen Platz in diesem Prozess findet. Letztendlich ist es Gott selbst, der uns das Zusammenwachsen, und alles, was wir dazu brauchen, schenkt. Denn jeder Einzelne und unsere Gemeinde ist seine ganz pers\u00f6nliche Herzensangelegenheit.<br \/>\nIn diesem Vertrauen gehen wir froh in das neue Jahr, auch mit seinen Herausforderungen.<\/p>\n<p style=\"text-align: left;\">Wir freuen uns, dass wir auf diesem Weg ab September wieder einen Pfarrer an unserer Seite haben werden. Ein Gru\u00dfwort von Pfr. Printz k\u00f6nnen Sie im aktuellen <a href=\"http:\/\/www.kirche-hilsbach-weiler.de\/hw\/wp-content\/uploads\/2016\/12\/Gemeindebrief-Jan-M%C3%A4rz2017komprimiert.pdf\" target=\"_blank\">Gemeindebrief &#8220;Aufleben&#8221;<\/a> lesen.<\/p>\n<p><a href=\"http:\/\/www.shabbyflair.de\/Schild-zur-Jahreslosung-2017-Ich-schenke-Euch-ein-neues-Herz\"><img data-recalc-dims=\"1\" loading=\"lazy\" decoding=\"async\" data-attachment-id=\"5407\" data-permalink=\"https:\/\/kirche-hilsbach-weiler.de\/hw\/?attachment_id=5407\" data-orig-file=\"https:\/\/i0.wp.com\/kirche-hilsbach-weiler.de\/hw\/wp-content\/uploads\/2017\/01\/024d3cc3-c505-4ed6-bcbb-5dd66244f645.jpg?fit=800%2C800&amp;ssl=1\" data-orig-size=\"800,800\" data-comments-opened=\"0\" data-image-meta=\"{&quot;aperture&quot;:&quot;0&quot;,&quot;credit&quot;:&quot;&quot;,&quot;camera&quot;:&quot;&quot;,&quot;caption&quot;:&quot;&quot;,&quot;created_timestamp&quot;:&quot;0&quot;,&quot;copyright&quot;:&quot;&quot;,&quot;focal_length&quot;:&quot;0&quot;,&quot;iso&quot;:&quot;0&quot;,&quot;shutter_speed&quot;:&quot;0&quot;,&quot;title&quot;:&quot;&quot;,&quot;orientation&quot;:&quot;0&quot;}\" data-image-title=\"024d3cc3-c505-4ed6-bcbb-5dd66244f645\" data-image-description=\"\" data-image-caption=\"\" data-large-file=\"https:\/\/i0.wp.com\/kirche-hilsbach-weiler.de\/hw\/wp-content\/uploads\/2017\/01\/024d3cc3-c505-4ed6-bcbb-5dd66244f645.jpg?fit=700%2C700&amp;ssl=1\" class=\"imgborder aligncenter wp-image-5407 size-medium\" src=\"https:\/\/i0.wp.com\/kirche-hilsbach-weiler.de\/hw\/wp-content\/uploads\/2017\/01\/024d3cc3-c505-4ed6-bcbb-5dd66244f645-300x300.jpg?resize=300%2C300\" width=\"300\" height=\"300\" srcset=\"https:\/\/i0.wp.com\/kirche-hilsbach-weiler.de\/hw\/wp-content\/uploads\/2017\/01\/024d3cc3-c505-4ed6-bcbb-5dd66244f645.jpg?resize=300%2C300&amp;ssl=1 300w, https:\/\/i0.wp.com\/kirche-hilsbach-weiler.de\/hw\/wp-content\/uploads\/2017\/01\/024d3cc3-c505-4ed6-bcbb-5dd66244f645.jpg?resize=150%2C150&amp;ssl=1 150w, https:\/\/i0.wp.com\/kirche-hilsbach-weiler.de\/hw\/wp-content\/uploads\/2017\/01\/024d3cc3-c505-4ed6-bcbb-5dd66244f645.jpg?resize=768%2C768&amp;ssl=1 768w, https:\/\/i0.wp.com\/kirche-hilsbach-weiler.de\/hw\/wp-content\/uploads\/2017\/01\/024d3cc3-c505-4ed6-bcbb-5dd66244f645.jpg?w=800&amp;ssl=1 800w\" sizes=\"auto, (max-width: 300px) 100vw, 300px\" \/><\/a><\/p>\n<p><strong>Ein von Gott reich gesegnetes neues Jahr w\u00fcnschen,<br \/>\nDie Kirchengemeinder\u00e4te in Hilsbach und Weiler<\/strong><\/p>\n","protected":false},"excerpt":{"rendered":"<p>&#8220;etwas, was f\u00fcr jemanden ganz pers\u00f6nlich von gro\u00dfer Wichtigkeit ist, was jemandem besonders am Herzen liegt&#8220;. So steht es im Rechtschreibw\u00f6rterbuch der deutschen Sprache, dem Duden. Was ist Ihnen im neuen Jahr ganz pers\u00f6nlich von gro\u00dfer Wichtigkeit? Was liegt Ihnen 2017 besonders am Herzen? F\u00fcr uns als Kirchengemeinder\u00e4te ist das weitere und tiefere Zusammenwachsen in &#8230; <span class=\"more\"><a class=\"more-link\" href=\"https:\/\/kirche-hilsbach-weiler.de\/hw\/?p=5401\">[Weiter&#8230;]<\/a><\/span><\/p>\n","protected":false},"author":5,"featured_media":5403,"comment_status":"closed","ping_status":"closed","sticky":false,"template":"","format":"standard","meta":{"ngg_post_thumbnail":0,"_jetpack_newsletter_access":"","_jetpack_dont_email_post_to_subs":false,"_jetpack_newsletter_tier_id":0,"_jetpack_memberships_contains_paywalled_content":false,"_jetpack_memberships_contains_paid_content":false,"footnotes":""},"categories":[14,42],"tags":[51,70],"class_list":{"0":"entry","1":"post","2":"publish","3":"author-spickel","4":"post-5401","6":"format-standard","7":"has-post-thumbnail","8":"category-events","9":"category-news","10":"post_tag-gemeinde","11":"post_tag-kirche"},"jetpack_featured_media_url":"https:\/\/i0.wp.com\/kirche-hilsbach-weiler.de\/hw\/wp-content\/uploads\/2016\/12\/a56e31a4-be4f-42b2-a26d-224f4ff88d2a.png?fit=1280%2C320&ssl=1","jetpack_shortlink":"https:\/\/wp.me\/p4vBdR-1p7","jetpack_likes_enabled":false,"jetpack-related-posts":[{"id":3964,"url":"https:\/\/kirche-hilsbach-weiler.de\/hw\/?p=3964","url_meta":{"origin":5401,"position":0},"title":"Konfis auf dem Konficamp 2015","author":"Carsten Glaser","date":"16. Juli 2015","format":false,"excerpt":"In diesem Jahr nehmen unsere Konfirmanden zusammen mit unserer Jugendreferentin Barbara Lhotzky erstmals am Konficamp des EC-Verbandes in Sulz am Eck teil und starten so gemeinsam in ihre Konfirmandenzeit. Vom 16. bis 19. Juli stehen nach dem Er\u00f6ffnungsabend u.a. ein Outdoortag mit Hochseilgarten, Mutsprung, Workshops, ein Festivalabend, interessante G\u00e4ste, Spiele,\u2026","rel":"","context":"In &quot;News&quot;","block_context":{"text":"News","link":"https:\/\/kirche-hilsbach-weiler.de\/hw\/?cat=42"},"img":{"alt_text":"konficamp","src":"https:\/\/i0.wp.com\/kirche-hilsbach-weiler.de\/hw\/wp-content\/uploads\/2015\/07\/konficamp-188x300.jpg?resize=350%2C200","width":350,"height":200},"classes":[]},{"id":6539,"url":"https:\/\/kirche-hilsbach-weiler.de\/hw\/?p=6539","url_meta":{"origin":5401,"position":1},"title":"Weltgebetstag 2018","author":"Carsten Glaser","date":"25. Februar 2018","format":false,"excerpt":"Gottes Sch\u00f6pfung ist sehr gut! hei\u00dft die Liturgie surinamischer Christinnen, zu der Frauen in \u00fcber 120 L\u00e4ndern weltweit Gottesdienste vorbereiten - in diesem Jahr haben dies Frauen aus Surinam getan. Auch in HilsbachWeiler l\u00e4dt wieder ein Team aus katholischen und evangelischen Frauen zum Weltgebetstag ein. Bei uns werden dieses Jahr\u2026","rel":"","context":"In &quot;Events&quot;","block_context":{"text":"Events","link":"https:\/\/kirche-hilsbach-weiler.de\/hw\/?cat=14"},"img":{"alt_text":"","src":"https:\/\/i0.wp.com\/kirche-hilsbach-weiler.de\/hw\/wp-content\/uploads\/2018\/02\/Weltgebetstag.jpg?fit=1181%2C1200&ssl=1&resize=350%2C200","width":350,"height":200,"srcset":"https:\/\/i0.wp.com\/kirche-hilsbach-weiler.de\/hw\/wp-content\/uploads\/2018\/02\/Weltgebetstag.jpg?fit=1181%2C1200&ssl=1&resize=350%2C200 1x, https:\/\/i0.wp.com\/kirche-hilsbach-weiler.de\/hw\/wp-content\/uploads\/2018\/02\/Weltgebetstag.jpg?fit=1181%2C1200&ssl=1&resize=525%2C300 1.5x, https:\/\/i0.wp.com\/kirche-hilsbach-weiler.de\/hw\/wp-content\/uploads\/2018\/02\/Weltgebetstag.jpg?fit=1181%2C1200&ssl=1&resize=700%2C400 2x, https:\/\/i0.wp.com\/kirche-hilsbach-weiler.de\/hw\/wp-content\/uploads\/2018\/02\/Weltgebetstag.jpg?fit=1181%2C1200&ssl=1&resize=1050%2C600 3x"},"classes":[]},{"id":7295,"url":"https:\/\/kirche-hilsbach-weiler.de\/hw\/?p=7295","url_meta":{"origin":5401,"position":2},"title":"Zukunftspartner gesucht!","author":"Carsten Glaser","date":"29. Juni 2019","format":false,"excerpt":"KINDER, JUNGENDLICHE UND FAMILIEN SIND DIE ZUKUNFT UNSERER GEMEINDE Daher ist es uns ein Anliegen, dass Kinder, Jugendliche und Familien mit dem Evangelium von Jesus Christus bekannt gemacht, in ihrem Glauben gef\u00f6rdert und dann angeleitet werden, selbst Mitarbeitende in der Gemeinde zu werden. DESWEGEN HABEN WIR GEHANDELT Seit September 2014\u2026","rel":"","context":"In &quot;News&quot;","block_context":{"text":"News","link":"https:\/\/kirche-hilsbach-weiler.de\/hw\/?cat=42"},"img":{"alt_text":"","src":"https:\/\/i0.wp.com\/kirche-hilsbach-weiler.de\/hw\/wp-content\/uploads\/2019\/05\/Zukunftspartner.jpg?fit=489%2C698&ssl=1&resize=350%2C200","width":350,"height":200},"classes":[]},{"id":9336,"url":"https:\/\/kirche-hilsbach-weiler.de\/hw\/?p=9336","url_meta":{"origin":5401,"position":3},"title":"Jahreslosung 2021","author":"Carsten Glaser","date":"2. Januar 2021","format":false,"excerpt":"Seid barmherzig, wie auch euer Vater barmherzig ist! Dieses Wort von Jesus steht \u00fcber dem neuen Jahr 2021. Nachfolgend finden Sie Gedanken zu dieser Jahreslosung aus Lukas 6,36 von Pfarrer Prof. Dr. Markus Printz aus dem \u00f6kumenischen Neujahrsgottesdienst in Hilsbach. Wir w\u00fcnschen Ihnen ein von Gott reich gesegnetes neues Jahr\u2026","rel":"","context":"In &quot;Gottesdienste&quot;","block_context":{"text":"Gottesdienste","link":"https:\/\/kirche-hilsbach-weiler.de\/hw\/?cat=174"},"img":{"alt_text":"","src":"https:\/\/i0.wp.com\/kirche-hilsbach-weiler.de\/hw\/wp-content\/uploads\/2021\/01\/Jahreslosung-2021-scaled.jpg?fit=1200%2C798&ssl=1&resize=350%2C200","width":350,"height":200,"srcset":"https:\/\/i0.wp.com\/kirche-hilsbach-weiler.de\/hw\/wp-content\/uploads\/2021\/01\/Jahreslosung-2021-scaled.jpg?fit=1200%2C798&ssl=1&resize=350%2C200 1x, https:\/\/i0.wp.com\/kirche-hilsbach-weiler.de\/hw\/wp-content\/uploads\/2021\/01\/Jahreslosung-2021-scaled.jpg?fit=1200%2C798&ssl=1&resize=525%2C300 1.5x, https:\/\/i0.wp.com\/kirche-hilsbach-weiler.de\/hw\/wp-content\/uploads\/2021\/01\/Jahreslosung-2021-scaled.jpg?fit=1200%2C798&ssl=1&resize=700%2C400 2x, https:\/\/i0.wp.com\/kirche-hilsbach-weiler.de\/hw\/wp-content\/uploads\/2021\/01\/Jahreslosung-2021-scaled.jpg?fit=1200%2C798&ssl=1&resize=1050%2C600 3x"},"classes":[]},{"id":2519,"url":"https:\/\/kirche-hilsbach-weiler.de\/hw\/?p=2519","url_meta":{"origin":5401,"position":4},"title":"Bericht von der Klausurtagung der Kirchen\u00e4ltesten","author":"Administrator","date":"14. April 2014","format":false,"excerpt":"Vom 4.-6. April befanden sich die Kirchen\u00e4ltesten der evangelischen Kirchengemeinden Hilsbach und Weiler auf Klausurtagung in der Freizeitst\u00e4tte Michelsberg. Im Miteinander-Gottesdienst am 13. April berichtete Timm Falter (Kirchen\u00e4ltester in Hilsbach) von der Klausurtagung - hier nun die \"gedruckte\" Version. [toggle type=\"white\" title=\"\u00dcbersicht aufklappen\" active=\"\"]Zur besseren \u00dcbersicht ein kleiner \u00dcberblick; um\u2026","rel":"","context":"In &quot;News&quot;","block_context":{"text":"News","link":"https:\/\/kirche-hilsbach-weiler.de\/hw\/?cat=42"},"img":{"alt_text":"","src":"https:\/\/i0.wp.com\/kirche-hilsbach-weiler.de\/hw\/wp-content\/uploads\/2014\/04\/001.jpg?fit=1024%2C768&ssl=1&resize=350%2C200","width":350,"height":200,"srcset":"https:\/\/i0.wp.com\/kirche-hilsbach-weiler.de\/hw\/wp-content\/uploads\/2014\/04\/001.jpg?fit=1024%2C768&ssl=1&resize=350%2C200 1x, https:\/\/i0.wp.com\/kirche-hilsbach-weiler.de\/hw\/wp-content\/uploads\/2014\/04\/001.jpg?fit=1024%2C768&ssl=1&resize=525%2C300 1.5x, https:\/\/i0.wp.com\/kirche-hilsbach-weiler.de\/hw\/wp-content\/uploads\/2014\/04\/001.jpg?fit=1024%2C768&ssl=1&resize=700%2C400 2x"},"classes":[]},{"id":8851,"url":"https:\/\/kirche-hilsbach-weiler.de\/hw\/?p=8851","url_meta":{"origin":5401,"position":5},"title":"Gebetsstationen zum Vater Unser","author":"Stefan Pickel","date":"20. November 2020","format":false,"excerpt":"An Bu\u00df- und Bettag war unsere Kirche in Hilsbach von 9 - 21 Uhr zum Gebet ge\u00f6ffnet. Anhand des \"Vater Unser\" konnte jeder an verschiedenen Stellen in der Kirche nach eigener Zeiteinteilung verweilen. Die Impulse zu den Stationen wurden in kleinen Heften ausgeh\u00e4ndigt, die auch noch in der Kirche zum\u2026","rel":"","context":"In &quot;Events&quot;","block_context":{"text":"Events","link":"https:\/\/kirche-hilsbach-weiler.de\/hw\/?cat=14"},"img":{"alt_text":"","src":"https:\/\/i0.wp.com\/kirche-hilsbach-weiler.de\/hw\/wp-content\/uploads\/2020\/11\/Segen__2_.jpg?fit=1200%2C875&ssl=1&resize=350%2C200","width":350,"height":200,"srcset":"https:\/\/i0.wp.com\/kirche-hilsbach-weiler.de\/hw\/wp-content\/uploads\/2020\/11\/Segen__2_.jpg?fit=1200%2C875&ssl=1&resize=350%2C200 1x, https:\/\/i0.wp.com\/kirche-hilsbach-weiler.de\/hw\/wp-content\/uploads\/2020\/11\/Segen__2_.jpg?fit=1200%2C875&ssl=1&resize=525%2C300 1.5x, https:\/\/i0.wp.com\/kirche-hilsbach-weiler.de\/hw\/wp-content\/uploads\/2020\/11\/Segen__2_.jpg?fit=1200%2C875&ssl=1&resize=700%2C400 2x, https:\/\/i0.wp.com\/kirche-hilsbach-weiler.de\/hw\/wp-content\/uploads\/2020\/11\/Segen__2_.jpg?fit=1200%2C875&ssl=1&resize=1050%2C600 3x"},"classes":[]}],"jetpack_sharing_enabled":true,"_links":{"self":[{"href":"https:\/\/kirche-hilsbach-weiler.de\/hw\/index.php?rest_route=\/wp\/v2\/posts\/5401","targetHints":{"allow":["GET"]}}],"collection":[{"href":"https:\/\/kirche-hilsbach-weiler.de\/hw\/index.php?rest_route=\/wp\/v2\/posts"}],"about":[{"href":"https:\/\/kirche-hilsbach-weiler.de\/hw\/index.php?rest_route=\/wp\/v2\/types\/post"}],"author":[{"embeddable":true,"href":"https:\/\/kirche-hilsbach-weiler.de\/hw\/index.php?rest_route=\/wp\/v2\/users\/5"}],"replies":[{"embeddable":true,"href":"https:\/\/kirche-hilsbach-weiler.de\/hw\/index.php?rest_route=%2Fwp%2Fv2%2Fcomments&post=5401"}],"version-history":[{"count":0,"href":"https:\/\/kirche-hilsbach-weiler.de\/hw\/index.php?rest_route=\/wp\/v2\/posts\/5401\/revisions"}],"wp:featuredmedia":[{"embeddable":true,"href":"https:\/\/kirche-hilsbach-weiler.de\/hw\/index.php?rest_route=\/wp\/v2\/media\/5403"}],"wp:attachment":[{"href":"https:\/\/kirche-hilsbach-weiler.de\/hw\/index.php?rest_route=%2Fwp%2Fv2%2Fmedia&parent=5401"}],"wp:term":[{"taxonomy":"category","embeddable":true,"href":"https:\/\/kirche-hilsbach-weiler.de\/hw\/index.php?rest_route=%2Fwp%2Fv2%2Fcategories&post=5401"},{"taxonomy":"post_tag","embeddable":true,"href":"https:\/\/kirche-hilsbach-weiler.de\/hw\/index.php?rest_route=%2Fwp%2Fv2%2Ftags&post=5401"}],"curies":[{"name":"wp","href":"https:\/\/api.w.org\/{rel}","templated":true}]}}