{"id":6445,"date":"2018-01-03T08:59:02","date_gmt":"2018-01-03T07:59:02","guid":{"rendered":"https:\/\/kirche-hilsbach-weiler.de\/hw\/?p=6445"},"modified":"2018-01-06T12:35:25","modified_gmt":"2018-01-06T11:35:25","slug":"kirchenkino-die-huette-am-dienstag-den-16-januar-2018","status":"publish","type":"post","link":"https:\/\/kirche-hilsbach-weiler.de\/hw\/?p=6445","title":{"rendered":"Kirchenkino &#8220;DIE H\u00dcTTE&#8221; am Dienstag, den 16. Januar 2018"},"content":{"rendered":"<p><img data-recalc-dims=\"1\" loading=\"lazy\" decoding=\"async\" data-attachment-id=\"6446\" data-permalink=\"https:\/\/kirche-hilsbach-weiler.de\/hw\/?attachment_id=6446\" data-orig-file=\"https:\/\/i0.wp.com\/kirche-hilsbach-weiler.de\/hw\/wp-content\/uploads\/2018\/01\/die-huette-ein-wochenende-mit-gott-189555888.jpg?fit=800%2C1139&amp;ssl=1\" data-orig-size=\"800,1139\" data-comments-opened=\"0\" data-image-meta=\"{&quot;aperture&quot;:&quot;0&quot;,&quot;credit&quot;:&quot;&quot;,&quot;camera&quot;:&quot;&quot;,&quot;caption&quot;:&quot;&quot;,&quot;created_timestamp&quot;:&quot;0&quot;,&quot;copyright&quot;:&quot;&quot;,&quot;focal_length&quot;:&quot;0&quot;,&quot;iso&quot;:&quot;0&quot;,&quot;shutter_speed&quot;:&quot;0&quot;,&quot;title&quot;:&quot;&quot;,&quot;orientation&quot;:&quot;0&quot;}\" data-image-title=\"die-huette-ein-wochenende-mit-gott-189555888\" data-image-description=\"\" data-image-caption=\"\" data-large-file=\"https:\/\/i0.wp.com\/kirche-hilsbach-weiler.de\/hw\/wp-content\/uploads\/2018\/01\/die-huette-ein-wochenende-mit-gott-189555888.jpg?fit=700%2C997&amp;ssl=1\" class=\"alignnone wp-image-6446 size-medium\" src=\"https:\/\/i0.wp.com\/kirche-hilsbach-weiler.de\/hw\/wp-content\/uploads\/2018\/01\/die-huette-ein-wochenende-mit-gott-189555888-211x300.jpg?resize=211%2C300\" alt=\"\" width=\"211\" height=\"300\" srcset=\"https:\/\/i0.wp.com\/kirche-hilsbach-weiler.de\/hw\/wp-content\/uploads\/2018\/01\/die-huette-ein-wochenende-mit-gott-189555888.jpg?resize=211%2C300&amp;ssl=1 211w, https:\/\/i0.wp.com\/kirche-hilsbach-weiler.de\/hw\/wp-content\/uploads\/2018\/01\/die-huette-ein-wochenende-mit-gott-189555888.jpg?resize=768%2C1093&amp;ssl=1 768w, https:\/\/i0.wp.com\/kirche-hilsbach-weiler.de\/hw\/wp-content\/uploads\/2018\/01\/die-huette-ein-wochenende-mit-gott-189555888.jpg?resize=719%2C1024&amp;ssl=1 719w, https:\/\/i0.wp.com\/kirche-hilsbach-weiler.de\/hw\/wp-content\/uploads\/2018\/01\/die-huette-ein-wochenende-mit-gott-189555888.jpg?w=800&amp;ssl=1 800w\" sizes=\"auto, (max-width: 211px) 100vw, 211px\" \/><\/p>\n<div>Herzliche Einladung zum Kirchenkino (aus \u00f6kologischen Gr\u00fcnden) ins Pfarrhaus.<\/div>\n<div>Beginn gegen 19.30Uhr. Filml\u00e4nge: 130 Min.<\/div>\n<div>Wie immer stehen Getr\u00e4nke und Knabbereien bereit, der Eintritt ist frei!<\/div>\n<div>Wir freuen uns auf EUCH und den Film &#8220;Die H\u00fctte&#8221;, ein Wochenende mit Gott!<\/div>\n<div><span class=\"st\"><em>Die Stubenhocker<\/em><br \/>\n<\/span><\/div>\n<div>&nbsp;<\/div>\n","protected":false},"excerpt":{"rendered":"<p>Herzliche Einladung zum Kirchenkino (aus \u00f6kologischen Gr\u00fcnden) ins Pfarrhaus. Beginn gegen 19.30Uhr. Filml\u00e4nge: 130 Min. Wie immer stehen Getr\u00e4nke und Knabbereien bereit, der Eintritt ist frei! Wir freuen uns auf EUCH und den Film &#8220;Die H\u00fctte&#8221;, ein Wochenende mit Gott! Die Stubenhocker &nbsp;<\/p>\n","protected":false},"author":6,"featured_media":6446,"comment_status":"closed","ping_status":"closed","sticky":false,"template":"","format":"standard","meta":{"ngg_post_thumbnail":0,"_jetpack_newsletter_access":"","_jetpack_dont_email_post_to_subs":false,"_jetpack_newsletter_tier_id":0,"_jetpack_memberships_contains_paywalled_content":false,"_jetpack_memberships_contains_paid_content":false,"footnotes":""},"categories":[14,42],"tags":[51,104],"class_list":{"0":"entry","1":"post","2":"publish","3":"author-ekhwadmin","4":"post-6445","6":"format-standard","7":"has-post-thumbnail","8":"category-events","9":"category-news","10":"post_tag-gemeinde","11":"post_tag-kirchenkino"},"jetpack_featured_media_url":"https:\/\/i0.wp.com\/kirche-hilsbach-weiler.de\/hw\/wp-content\/uploads\/2018\/01\/die-huette-ein-wochenende-mit-gott-189555888.jpg?fit=800%2C1139&ssl=1","jetpack_shortlink":"https:\/\/wp.me\/p4vBdR-1FX","jetpack_likes_enabled":false,"jetpack-related-posts":[{"id":4874,"url":"https:\/\/kirche-hilsbach-weiler.de\/hw\/?p=4874","url_meta":{"origin":6445,"position":0},"title":"????? Die 3 Fragezeichen &#8211; oder blind Date ???","author":"Administrator","date":"13. Juni 2016","format":false,"excerpt":"Kirchenkino mal anders! Kirchenkino\u00a0 S U R P R I S E ! Am Dienstag, den 28.06.2016 und nun endlich wieder in unsere Kirche in Hilsbach. Diesmal geben wir keinen Film bekannt, noch nicht! Es gibt viele sehr gute Filme und die Qual der Wahl l\u00e4sst viel Raum f\u00fcr die\u2026","rel":"","context":"In &quot;Events&quot;","block_context":{"text":"Events","link":"https:\/\/kirche-hilsbach-weiler.de\/hw\/?cat=14"},"img":{"alt_text":"","src":"","width":0,"height":0},"classes":[]},{"id":4753,"url":"https:\/\/kirche-hilsbach-weiler.de\/hw\/?p=4753","url_meta":{"origin":6445,"position":1},"title":"Kirchenkino jetzt am Dienstag, den 03.05.2016","author":"Administrator","date":"1. Mai 2016","format":false,"excerpt":"Kirchenkino der Stubenhocker Am 03.05.2016 um 19.30Uhr (aus \u00f6kologischen Gr\u00fcnden) nochmals im Gemeindehaus Hilsbach. \"Jenseits der Stille\" hei\u00dft unser Film und f\u00fchrt uns in die sehr zarte und sensible Welt der Wahrnehmung. Die Basis bildet die Geschichte eines M\u00e4dchens taubstummer Eltern das wir auf ihrem Weg ins Erwachsenwerden begleiten d\u00fcrfen.\u2026","rel":"","context":"In &quot;Events&quot;","block_context":{"text":"Events","link":"https:\/\/kirche-hilsbach-weiler.de\/hw\/?cat=14"},"img":{"alt_text":"","src":"https:\/\/i0.wp.com\/kirche-hilsbach-weiler.de\/hw\/wp-content\/uploads\/2016\/05\/20160501_083346.jpg?fit=1200%2C722&ssl=1&resize=350%2C200","width":350,"height":200,"srcset":"https:\/\/i0.wp.com\/kirche-hilsbach-weiler.de\/hw\/wp-content\/uploads\/2016\/05\/20160501_083346.jpg?fit=1200%2C722&ssl=1&resize=350%2C200 1x, https:\/\/i0.wp.com\/kirche-hilsbach-weiler.de\/hw\/wp-content\/uploads\/2016\/05\/20160501_083346.jpg?fit=1200%2C722&ssl=1&resize=525%2C300 1.5x, https:\/\/i0.wp.com\/kirche-hilsbach-weiler.de\/hw\/wp-content\/uploads\/2016\/05\/20160501_083346.jpg?fit=1200%2C722&ssl=1&resize=700%2C400 2x, https:\/\/i0.wp.com\/kirche-hilsbach-weiler.de\/hw\/wp-content\/uploads\/2016\/05\/20160501_083346.jpg?fit=1200%2C722&ssl=1&resize=1050%2C600 3x"},"classes":[]},{"id":5667,"url":"https:\/\/kirche-hilsbach-weiler.de\/hw\/?p=5667","url_meta":{"origin":6445,"position":2},"title":"Kirchenkino &#8211; Klappe die 10te","author":"Administrator","date":"18. April 2017","format":false,"excerpt":"Die Stubenhocker laden ein, zum 10. Mal zum Kirchenkino am 25.04.2017 um 19.30Uhr in die ev. Kirche nach Hilsbach. \"Erbsen auf halb sechs\" ist eine liebevolle, deutsche Tragigkom\u00f6die die sich mit dem Thema Lebensperspektive und \"Blindheit in unserer Gesellschaft\" auseinandersetzt. Wir begleiten die Protagonisten auf Ihrer z\u00e4rtlichen Reise in deren\u2026","rel":"","context":"In &quot;Events&quot;","block_context":{"text":"Events","link":"https:\/\/kirche-hilsbach-weiler.de\/hw\/?cat=14"},"img":{"alt_text":"","src":"https:\/\/i0.wp.com\/kirche-hilsbach-weiler.de\/hw\/wp-content\/uploads\/2017\/04\/Erbsen-auf-halb-sechs.jpg?fit=1200%2C675&ssl=1&resize=350%2C200","width":350,"height":200,"srcset":"https:\/\/i0.wp.com\/kirche-hilsbach-weiler.de\/hw\/wp-content\/uploads\/2017\/04\/Erbsen-auf-halb-sechs.jpg?fit=1200%2C675&ssl=1&resize=350%2C200 1x, https:\/\/i0.wp.com\/kirche-hilsbach-weiler.de\/hw\/wp-content\/uploads\/2017\/04\/Erbsen-auf-halb-sechs.jpg?fit=1200%2C675&ssl=1&resize=525%2C300 1.5x, https:\/\/i0.wp.com\/kirche-hilsbach-weiler.de\/hw\/wp-content\/uploads\/2017\/04\/Erbsen-auf-halb-sechs.jpg?fit=1200%2C675&ssl=1&resize=700%2C400 2x, https:\/\/i0.wp.com\/kirche-hilsbach-weiler.de\/hw\/wp-content\/uploads\/2017\/04\/Erbsen-auf-halb-sechs.jpg?fit=1200%2C675&ssl=1&resize=1050%2C600 3x"},"classes":[]},{"id":7285,"url":"https:\/\/kirche-hilsbach-weiler.de\/hw\/?p=7285","url_meta":{"origin":6445,"position":3},"title":"Ein Mann names Ove","author":"Carsten Glaser","date":"30. Mai 2019","format":false,"excerpt":"Ein Mann names Ove - Dieses schwedische Filmdrama von Regisseur Hannes Holm nach dem gleichnamigen Roman von Frederik Backmann ist der n\u00e4chste 'Leckerbissen' in unserem Kirchenkino. Zum bereits traditionellen Kirchenkino - witterungsbedingt auch endlich wieder in der sch\u00f6nen evangelischen Hilsbacher Kirche - laden die Stubenhocker herzlich ein. Der Eintritt ist\u2026","rel":"","context":"In &quot;Events&quot;","block_context":{"text":"Events","link":"https:\/\/kirche-hilsbach-weiler.de\/hw\/?cat=14"},"img":{"alt_text":"","src":"https:\/\/i0.wp.com\/kirche-hilsbach-weiler.de\/hw\/wp-content\/uploads\/2018\/01\/curtain-2757815_1280.png?fit=1200%2C564&ssl=1&resize=350%2C200","width":350,"height":200,"srcset":"https:\/\/i0.wp.com\/kirche-hilsbach-weiler.de\/hw\/wp-content\/uploads\/2018\/01\/curtain-2757815_1280.png?fit=1200%2C564&ssl=1&resize=350%2C200 1x, https:\/\/i0.wp.com\/kirche-hilsbach-weiler.de\/hw\/wp-content\/uploads\/2018\/01\/curtain-2757815_1280.png?fit=1200%2C564&ssl=1&resize=525%2C300 1.5x, https:\/\/i0.wp.com\/kirche-hilsbach-weiler.de\/hw\/wp-content\/uploads\/2018\/01\/curtain-2757815_1280.png?fit=1200%2C564&ssl=1&resize=700%2C400 2x, https:\/\/i0.wp.com\/kirche-hilsbach-weiler.de\/hw\/wp-content\/uploads\/2018\/01\/curtain-2757815_1280.png?fit=1200%2C564&ssl=1&resize=1050%2C600 3x"},"classes":[]},{"id":4041,"url":"https:\/\/kirche-hilsbach-weiler.de\/hw\/?p=4041","url_meta":{"origin":6445,"position":4},"title":"Kirchenkino in Eurer Gemeinde","author":"Administrator","date":"6. September 2015","format":false,"excerpt":"Liebe Filmfreunde, ....und schon wieder ist es soweit. Bei unserem letzten Kirchenkinoabend vor den Sommerferien haben wir angek\u00fcndigt, dass wir Euch einen weiteren Film zeigen wollen und laden Euch dieses Mal zu einem nachdenklichen Filmabend ein. Es geht um eine Vater - Sohn - Beziehung und l\u00e4sst sich auch unter\u2026","rel":"","context":"In &quot;Events&quot;","block_context":{"text":"Events","link":"https:\/\/kirche-hilsbach-weiler.de\/hw\/?cat=14"},"img":{"alt_text":"","src":"https:\/\/i0.wp.com\/kirche-hilsbach-weiler.de\/hw\/wp-content\/uploads\/2015\/09\/Mit-ganzer-Kraft.jpg?fit=1200%2C722&ssl=1&resize=350%2C200","width":350,"height":200,"srcset":"https:\/\/i0.wp.com\/kirche-hilsbach-weiler.de\/hw\/wp-content\/uploads\/2015\/09\/Mit-ganzer-Kraft.jpg?fit=1200%2C722&ssl=1&resize=350%2C200 1x, https:\/\/i0.wp.com\/kirche-hilsbach-weiler.de\/hw\/wp-content\/uploads\/2015\/09\/Mit-ganzer-Kraft.jpg?fit=1200%2C722&ssl=1&resize=525%2C300 1.5x, https:\/\/i0.wp.com\/kirche-hilsbach-weiler.de\/hw\/wp-content\/uploads\/2015\/09\/Mit-ganzer-Kraft.jpg?fit=1200%2C722&ssl=1&resize=700%2C400 2x, https:\/\/i0.wp.com\/kirche-hilsbach-weiler.de\/hw\/wp-content\/uploads\/2015\/09\/Mit-ganzer-Kraft.jpg?fit=1200%2C722&ssl=1&resize=1050%2C600 3x"},"classes":[]},{"id":3582,"url":"https:\/\/kirche-hilsbach-weiler.de\/hw\/?p=3582","url_meta":{"origin":6445,"position":5},"title":"Kirchenkino &#8220;Pilgern auf Franz\u00f6sisch&#8221;","author":"Administrator","date":"22. April 2015","format":false,"excerpt":"Die \"Stubenhocker\" (ein Hauskreis unserer Gemeinden) \u00f6ffnen die Kirchenpforte und laden ein\u00a0zu einem Kirchenkinoabend mit Knabberzeug und rotem Wein. Es wird der Film \"Pilgern auf Franz\u00f6sisch\" gezeigt.\u00a0 Wahlweise darf es auch ein Radler sein und Popcorn in der Sakristei... Los geht es am Dienstag, den 5. Mai 2015, um 19.30\u2026","rel":"","context":"In &quot;News&quot;","block_context":{"text":"News","link":"https:\/\/kirche-hilsbach-weiler.de\/hw\/?cat=42"},"img":{"alt_text":"","src":"https:\/\/i0.wp.com\/kirche-hilsbach-weiler.de\/hw\/wp-content\/uploads\/2015\/04\/JaquesDVD_web.jpg?fit=500%2C250&ssl=1&resize=350%2C200","width":350,"height":200},"classes":[]}],"jetpack_sharing_enabled":true,"_links":{"self":[{"href":"https:\/\/kirche-hilsbach-weiler.de\/hw\/index.php?rest_route=\/wp\/v2\/posts\/6445","targetHints":{"allow":["GET"]}}],"collection":[{"href":"https:\/\/kirche-hilsbach-weiler.de\/hw\/index.php?rest_route=\/wp\/v2\/posts"}],"about":[{"href":"https:\/\/kirche-hilsbach-weiler.de\/hw\/index.php?rest_route=\/wp\/v2\/types\/post"}],"author":[{"embeddable":true,"href":"https:\/\/kirche-hilsbach-weiler.de\/hw\/index.php?rest_route=\/wp\/v2\/users\/6"}],"replies":[{"embeddable":true,"href":"https:\/\/kirche-hilsbach-weiler.de\/hw\/index.php?rest_route=%2Fwp%2Fv2%2Fcomments&post=6445"}],"version-history":[{"count":0,"href":"https:\/\/kirche-hilsbach-weiler.de\/hw\/index.php?rest_route=\/wp\/v2\/posts\/6445\/revisions"}],"wp:featuredmedia":[{"embeddable":true,"href":"https:\/\/kirche-hilsbach-weiler.de\/hw\/index.php?rest_route=\/wp\/v2\/media\/6446"}],"wp:attachment":[{"href":"https:\/\/kirche-hilsbach-weiler.de\/hw\/index.php?rest_route=%2Fwp%2Fv2%2Fmedia&parent=6445"}],"wp:term":[{"taxonomy":"category","embeddable":true,"href":"https:\/\/kirche-hilsbach-weiler.de\/hw\/index.php?rest_route=%2Fwp%2Fv2%2Fcategories&post=6445"},{"taxonomy":"post_tag","embeddable":true,"href":"https:\/\/kirche-hilsbach-weiler.de\/hw\/index.php?rest_route=%2Fwp%2Fv2%2Ftags&post=6445"}],"curies":[{"name":"wp","href":"https:\/\/api.w.org\/{rel}","templated":true}]}}