{"id":6568,"date":"2018-03-25T11:00:14","date_gmt":"2018-03-25T09:00:14","guid":{"rendered":"https:\/\/kirche-hilsbach-weiler.de\/hw\/?p=6568"},"modified":"2018-03-09T08:18:04","modified_gmt":"2018-03-09T07:18:04","slug":"osterweg-in-den-hoffnungsmorgen","status":"publish","type":"post","link":"https:\/\/kirche-hilsbach-weiler.de\/hw\/?p=6568","title":{"rendered":"Osterweg in den &#8220;Hoffnungsmorgen&#8221;"},"content":{"rendered":"<p><a href=\"https:\/\/i0.wp.com\/kirche-hilsbach-weiler.de\/hw\/wp-content\/uploads\/2018\/03\/easter-1443348_1920.jpg?ssl=1\" data-src=\"https:\/\/kirche-hilsbach-weiler.de\/hw\/wp-content\/uploads\/2018\/03\/easter-1443348_1920.jpg\" data-thumb=\"https:\/\/kirche-hilsbach-weiler.de\/hw\/wp-content\/uploads\/2018\/03\/easter-1443348_1920-300x200.jpg\" class=\"ml-lightbox-enabled\"><img data-recalc-dims=\"1\" loading=\"lazy\" decoding=\"async\" data-attachment-id=\"6591\" data-permalink=\"https:\/\/kirche-hilsbach-weiler.de\/hw\/?attachment_id=6591\" data-orig-file=\"https:\/\/i0.wp.com\/kirche-hilsbach-weiler.de\/hw\/wp-content\/uploads\/2018\/03\/easter-1443348_1920.jpg?fit=1920%2C1280&amp;ssl=1\" data-orig-size=\"1920,1280\" data-comments-opened=\"0\" data-image-meta=\"{&quot;aperture&quot;:&quot;8&quot;,&quot;credit&quot;:&quot;&quot;,&quot;camera&quot;:&quot;Canon EOS 70D&quot;,&quot;caption&quot;:&quot;&quot;,&quot;created_timestamp&quot;:&quot;0&quot;,&quot;copyright&quot;:&quot;&quot;,&quot;focal_length&quot;:&quot;18&quot;,&quot;iso&quot;:&quot;100&quot;,&quot;shutter_speed&quot;:&quot;0.003125&quot;,&quot;title&quot;:&quot;&quot;,&quot;orientation&quot;:&quot;0&quot;}\" data-image-title=\"easter-1443348_1920\" data-image-description=\"\" data-image-caption=\"\" data-large-file=\"https:\/\/i0.wp.com\/kirche-hilsbach-weiler.de\/hw\/wp-content\/uploads\/2018\/03\/easter-1443348_1920.jpg?fit=700%2C467&amp;ssl=1\" class=\"alignnone size-medium wp-image-6591\" src=\"https:\/\/i0.wp.com\/kirche-hilsbach-weiler.de\/hw\/wp-content\/uploads\/2018\/03\/easter-1443348_1920-300x200.jpg?resize=300%2C200\" alt=\"\" width=\"300\" height=\"200\" srcset=\"https:\/\/i0.wp.com\/kirche-hilsbach-weiler.de\/hw\/wp-content\/uploads\/2018\/03\/easter-1443348_1920.jpg?resize=300%2C200&amp;ssl=1 300w, https:\/\/i0.wp.com\/kirche-hilsbach-weiler.de\/hw\/wp-content\/uploads\/2018\/03\/easter-1443348_1920.jpg?resize=768%2C512&amp;ssl=1 768w, https:\/\/i0.wp.com\/kirche-hilsbach-weiler.de\/hw\/wp-content\/uploads\/2018\/03\/easter-1443348_1920.jpg?resize=1024%2C683&amp;ssl=1 1024w, https:\/\/i0.wp.com\/kirche-hilsbach-weiler.de\/hw\/wp-content\/uploads\/2018\/03\/easter-1443348_1920.jpg?w=1920&amp;ssl=1 1920w, https:\/\/i0.wp.com\/kirche-hilsbach-weiler.de\/hw\/wp-content\/uploads\/2018\/03\/easter-1443348_1920.jpg?w=1400&amp;ssl=1 1400w\" sizes=\"auto, (max-width: 300px) 100vw, 300px\" \/><\/a><\/p>\n<p>Wir treffen uns um 6 Uhr am Parkplatz bei der Grundschule.<br \/>\nGemeinsam laufen wir zur Ev. Kirche in Hilsbach<br \/>\nDabei erleben wir an verschiedenen Stationen das Ostergeschehen.<br \/>\nGerne k\u00f6nnen auch Kinder ab dem Grundschulalter (in Begleitung Erwachsener) dabei sein.<\/p>\n<p>Bei der Kirche gibt es warme Getr\u00e4nke und ein kleines Fr\u00fchst\u00fcck,<br \/>\nbevor wir in der Kirche die Auferstehung Jesu feiern.<br \/>\nDie Feier beginnt um 8 Uhr und es sind auch alle eingeladen,<br \/>\ndie nicht ganz so fr\u00fch aufstehen k\u00f6nnen oder m\u00f6chten.<br \/>\nBei starkem Regenwetter treffen wir uns direkt um 8 Uhr in der Kirche zur Auferstehungsfeier.<\/p>\n","protected":false},"excerpt":{"rendered":"<p>Wir treffen uns um 6 Uhr am Parkplatz bei der Grundschule. Gemeinsam laufen wir zur Ev. Kirche in Hilsbach Dabei erleben wir an verschiedenen Stationen das Ostergeschehen. Gerne k\u00f6nnen auch Kinder ab dem Grundschulalter (in Begleitung Erwachsener) dabei sein. Bei der Kirche gibt es warme Getr\u00e4nke und ein kleines Fr\u00fchst\u00fcck, bevor wir in der Kirche &#8230; <span class=\"more\"><a class=\"more-link\" href=\"https:\/\/kirche-hilsbach-weiler.de\/hw\/?p=6568\">[Weiter&#8230;]<\/a><\/span><\/p>\n","protected":false},"author":5,"featured_media":6591,"comment_status":"closed","ping_status":"closed","sticky":false,"template":"","format":"standard","meta":{"ngg_post_thumbnail":0,"_jetpack_newsletter_access":"","_jetpack_dont_email_post_to_subs":false,"_jetpack_newsletter_tier_id":0,"_jetpack_memberships_contains_paywalled_content":false,"_jetpack_memberships_contains_paid_content":false,"footnotes":""},"categories":[14,42],"tags":[175,160,62,176],"class_list":{"0":"entry","1":"post","2":"publish","3":"author-spickel","4":"post-6568","6":"format-standard","7":"has-post-thumbnail","8":"category-events","9":"category-news","10":"post_tag-auferstehung","11":"post_tag-jesus","12":"post_tag-ostern","13":"post_tag-weg"},"jetpack_featured_media_url":"https:\/\/i0.wp.com\/kirche-hilsbach-weiler.de\/hw\/wp-content\/uploads\/2018\/03\/easter-1443348_1920.jpg?fit=1920%2C1280&ssl=1","jetpack_shortlink":"https:\/\/wp.me\/p4vBdR-1HW","jetpack_likes_enabled":false,"jetpack-related-posts":[{"id":4717,"url":"https:\/\/kirche-hilsbach-weiler.de\/hw\/?p=4717","url_meta":{"origin":6568,"position":0},"title":"Anmeldung Konfirmation 2017","author":"Carsten Glaser","date":"10. April 2016","format":false,"excerpt":"Wir laden die Konfirmanden, die sich 2017 konfirmieren lassen wollen, mit ihren Eltern zur Anmeldung ein. Dazu treffen wir uns am Mittwoch, 27.04.2016 um 20.00 Uhr im evangelischen Gemeindehaus Hilsbach zum Anmelden und einem ersten kurzen Kennenlernen. Auch Jugendliche, die nicht getauft sind und nicht unserer Kirche angeh\u00f6ren, k\u00f6nnen am\u2026","rel":"","context":"In &quot;News&quot;","block_context":{"text":"News","link":"https:\/\/kirche-hilsbach-weiler.de\/hw\/?cat=42"},"img":{"alt_text":"110708_logo_ekiba_weiler_hilsbach","src":"https:\/\/i0.wp.com\/kirche-hilsbach-weiler.de\/hw\/wp-content\/uploads\/2014\/06\/110708_logo_ekiba_weiler_hilsbach-300x166.png?resize=350%2C200","width":350,"height":200},"classes":[]},{"id":3793,"url":"https:\/\/kirche-hilsbach-weiler.de\/hw\/?p=3793","url_meta":{"origin":6568,"position":1},"title":"Anmeldung der neuen Konfirmanden","author":"Administrator","date":"22. Mai 2015","format":false,"excerpt":"Wir laden die Konfirmanden, die sich 2016 konfirmieren lassen wollen, mit ihren Eltern zur Anmeldung ein. Dazu treffen wir uns am Donnerstag, 11.6. um 20.00 Uhr im evangelischen Gemeindehaus Hilsbach zum Anmelden und einem ersten kurzen Kennenlernen. Auch Jugendliche, die nicht getauft sind und nicht unserer Kirche angeh\u00f6ren, k\u00f6nnen am\u2026","rel":"","context":"In &quot;News&quot;","block_context":{"text":"News","link":"https:\/\/kirche-hilsbach-weiler.de\/hw\/?cat=42"},"img":{"alt_text":"","src":"https:\/\/i0.wp.com\/kirche-hilsbach-weiler.de\/hw\/wp-content\/uploads\/2014\/06\/110708_logo_ekiba_weiler_hilsbach.png?fit=694%2C386&ssl=1&resize=350%2C200","width":350,"height":200,"srcset":"https:\/\/i0.wp.com\/kirche-hilsbach-weiler.de\/hw\/wp-content\/uploads\/2014\/06\/110708_logo_ekiba_weiler_hilsbach.png?fit=694%2C386&ssl=1&resize=350%2C200 1x, https:\/\/i0.wp.com\/kirche-hilsbach-weiler.de\/hw\/wp-content\/uploads\/2014\/06\/110708_logo_ekiba_weiler_hilsbach.png?fit=694%2C386&ssl=1&resize=525%2C300 1.5x"},"classes":[]},{"id":5647,"url":"https:\/\/kirche-hilsbach-weiler.de\/hw\/?p=5647","url_meta":{"origin":6568,"position":2},"title":"Anmeldung Konfirmation 2018","author":"Carsten Glaser","date":"8. April 2017","format":false,"excerpt":"Wir laden die Konfirmanden, die sich 2018 konfirmieren lassen wollen, mit ihren Eltern zur Anmeldung ein. Dazu treffen wir uns am Dienstag, 25.04.2017 um 19.30 Uhr im evangelischen Gemeindehaus HilsbachWeiler, Burggrafenstra\u00dfe 12 (beim Kindergarten Weiler) zum Anmelden und einem ersten kurzen Kennenlernen. Auch Jugendliche, die nicht getauft sind und nicht\u2026","rel":"","context":"In &quot;Events&quot;","block_context":{"text":"Events","link":"https:\/\/kirche-hilsbach-weiler.de\/hw\/?cat=14"},"img":{"alt_text":"","src":"https:\/\/i0.wp.com\/kirche-hilsbach-weiler.de\/hw\/wp-content\/uploads\/2017\/04\/bread-72103_640.jpg?fit=640%2C359&ssl=1&resize=350%2C200","width":350,"height":200,"srcset":"https:\/\/i0.wp.com\/kirche-hilsbach-weiler.de\/hw\/wp-content\/uploads\/2017\/04\/bread-72103_640.jpg?fit=640%2C359&ssl=1&resize=350%2C200 1x, https:\/\/i0.wp.com\/kirche-hilsbach-weiler.de\/hw\/wp-content\/uploads\/2017\/04\/bread-72103_640.jpg?fit=640%2C359&ssl=1&resize=525%2C300 1.5x"},"classes":[]},{"id":8078,"url":"https:\/\/kirche-hilsbach-weiler.de\/hw\/?p=8078","url_meta":{"origin":6568,"position":3},"title":"Gottesdienste nach dem neuen Schutzkonzept","author":"Carsten Glaser","date":"8. Mai 2020","format":false,"excerpt":"Nach eingehenden Beratungen ist der Kirchengemeinderat \u00fcbereingekommen, die neuen M\u00f6glichkeiten, die das \u2018Schutzkonzept f\u00fcr die Feier von evangelischen Gottesdiensten in der Evangelischen Landeskirche in Baden w\u00e4hrend der Corona-Pandemie\u2019 bietet, zu nutzen, um unsere geistlichen Video-Impulse k\u00fcnftig unter Gemeindebeteiligung aufzuzeichnen und sonntags zu ver\u00f6ffentlichen. Hierzu m\u00fcssen neben der Erstellung eines den\u2026","rel":"","context":"In &quot;Gottesdienste&quot;","block_context":{"text":"Gottesdienste","link":"https:\/\/kirche-hilsbach-weiler.de\/hw\/?cat=174"},"img":{"alt_text":"","src":"https:\/\/i0.wp.com\/kirche-hilsbach-weiler.de\/hw\/wp-content\/uploads\/2017\/02\/news-1027337_1920.jpg?fit=1200%2C1200&ssl=1&resize=350%2C200","width":350,"height":200,"srcset":"https:\/\/i0.wp.com\/kirche-hilsbach-weiler.de\/hw\/wp-content\/uploads\/2017\/02\/news-1027337_1920.jpg?fit=1200%2C1200&ssl=1&resize=350%2C200 1x, https:\/\/i0.wp.com\/kirche-hilsbach-weiler.de\/hw\/wp-content\/uploads\/2017\/02\/news-1027337_1920.jpg?fit=1200%2C1200&ssl=1&resize=525%2C300 1.5x, https:\/\/i0.wp.com\/kirche-hilsbach-weiler.de\/hw\/wp-content\/uploads\/2017\/02\/news-1027337_1920.jpg?fit=1200%2C1200&ssl=1&resize=700%2C400 2x, https:\/\/i0.wp.com\/kirche-hilsbach-weiler.de\/hw\/wp-content\/uploads\/2017\/02\/news-1027337_1920.jpg?fit=1200%2C1200&ssl=1&resize=1050%2C600 3x"},"classes":[]},{"id":3515,"url":"https:\/\/kirche-hilsbach-weiler.de\/hw\/?p=3515","url_meta":{"origin":6568,"position":4},"title":"Ostern 2015 in unseren Gemeinden","author":"Administrator","date":"25. M\u00e4rz 2015","format":false,"excerpt":"Das Leiden, Sterben und die Auferstehung Jesu sind zentraler Bestandteil christlichen Glaubens. Hier geht es an den Kern, hier geht es an's \"Eingemachte\". Wieso musste Jesus sterben? Wieso f\u00fcr mich? Und wie zuverl\u00e4ssig ist diese - zugegebenerma\u00dfen - ziemlich au\u00dfergew\u00f6hnliche Botschaft von der Auferstehung am Ostermorgen? Wir laden herzlich ein\u2026","rel":"","context":"In &quot;News&quot;","block_context":{"text":"News","link":"https:\/\/kirche-hilsbach-weiler.de\/hw\/?cat=42"},"img":{"alt_text":"","src":"https:\/\/i0.wp.com\/kirche-hilsbach-weiler.de\/hw\/wp-content\/uploads\/2015\/03\/2015-Ostern.jpg?fit=1200%2C900&ssl=1&resize=350%2C200","width":350,"height":200,"srcset":"https:\/\/i0.wp.com\/kirche-hilsbach-weiler.de\/hw\/wp-content\/uploads\/2015\/03\/2015-Ostern.jpg?fit=1200%2C900&ssl=1&resize=350%2C200 1x, https:\/\/i0.wp.com\/kirche-hilsbach-weiler.de\/hw\/wp-content\/uploads\/2015\/03\/2015-Ostern.jpg?fit=1200%2C900&ssl=1&resize=525%2C300 1.5x, https:\/\/i0.wp.com\/kirche-hilsbach-weiler.de\/hw\/wp-content\/uploads\/2015\/03\/2015-Ostern.jpg?fit=1200%2C900&ssl=1&resize=700%2C400 2x, https:\/\/i0.wp.com\/kirche-hilsbach-weiler.de\/hw\/wp-content\/uploads\/2015\/03\/2015-Ostern.jpg?fit=1200%2C900&ssl=1&resize=1050%2C600 3x"},"classes":[]},{"id":4694,"url":"https:\/\/kirche-hilsbach-weiler.de\/hw\/?p=4694","url_meta":{"origin":6568,"position":5},"title":"O.A.S.E. unterwegs am 1. Mai","author":"Stefan Pickel","date":"29. April 2016","format":false,"excerpt":"Ob klein oder gro\u00df, ob jung oder alt: Wir wandern gemeinsam durch den Wald zur DMG auf den Buchenauerhof. Treffpunkt um 10.30 Uhr bei der Ev. Kirche Hilsbach. Wer nicht gut zu Fuss ist, kann auch direkt zur DMG fahren (Parkplatz am Schloss) Ab ca. 11.30 Uhr wollen wir dort\u2026","rel":"","context":"In &quot;Events&quot;","block_context":{"text":"Events","link":"https:\/\/kirche-hilsbach-weiler.de\/hw\/?cat=14"},"img":{"alt_text":"","src":"https:\/\/i0.wp.com\/kirche-hilsbach-weiler.de\/hw\/wp-content\/uploads\/2014\/03\/OASE-Logo.jpg?fit=1200%2C455&ssl=1&resize=350%2C200","width":350,"height":200,"srcset":"https:\/\/i0.wp.com\/kirche-hilsbach-weiler.de\/hw\/wp-content\/uploads\/2014\/03\/OASE-Logo.jpg?fit=1200%2C455&ssl=1&resize=350%2C200 1x, https:\/\/i0.wp.com\/kirche-hilsbach-weiler.de\/hw\/wp-content\/uploads\/2014\/03\/OASE-Logo.jpg?fit=1200%2C455&ssl=1&resize=525%2C300 1.5x, https:\/\/i0.wp.com\/kirche-hilsbach-weiler.de\/hw\/wp-content\/uploads\/2014\/03\/OASE-Logo.jpg?fit=1200%2C455&ssl=1&resize=700%2C400 2x, https:\/\/i0.wp.com\/kirche-hilsbach-weiler.de\/hw\/wp-content\/uploads\/2014\/03\/OASE-Logo.jpg?fit=1200%2C455&ssl=1&resize=1050%2C600 3x"},"classes":[]}],"jetpack_sharing_enabled":true,"_links":{"self":[{"href":"https:\/\/kirche-hilsbach-weiler.de\/hw\/index.php?rest_route=\/wp\/v2\/posts\/6568","targetHints":{"allow":["GET"]}}],"collection":[{"href":"https:\/\/kirche-hilsbach-weiler.de\/hw\/index.php?rest_route=\/wp\/v2\/posts"}],"about":[{"href":"https:\/\/kirche-hilsbach-weiler.de\/hw\/index.php?rest_route=\/wp\/v2\/types\/post"}],"author":[{"embeddable":true,"href":"https:\/\/kirche-hilsbach-weiler.de\/hw\/index.php?rest_route=\/wp\/v2\/users\/5"}],"replies":[{"embeddable":true,"href":"https:\/\/kirche-hilsbach-weiler.de\/hw\/index.php?rest_route=%2Fwp%2Fv2%2Fcomments&post=6568"}],"version-history":[{"count":0,"href":"https:\/\/kirche-hilsbach-weiler.de\/hw\/index.php?rest_route=\/wp\/v2\/posts\/6568\/revisions"}],"wp:featuredmedia":[{"embeddable":true,"href":"https:\/\/kirche-hilsbach-weiler.de\/hw\/index.php?rest_route=\/wp\/v2\/media\/6591"}],"wp:attachment":[{"href":"https:\/\/kirche-hilsbach-weiler.de\/hw\/index.php?rest_route=%2Fwp%2Fv2%2Fmedia&parent=6568"}],"wp:term":[{"taxonomy":"category","embeddable":true,"href":"https:\/\/kirche-hilsbach-weiler.de\/hw\/index.php?rest_route=%2Fwp%2Fv2%2Fcategories&post=6568"},{"taxonomy":"post_tag","embeddable":true,"href":"https:\/\/kirche-hilsbach-weiler.de\/hw\/index.php?rest_route=%2Fwp%2Fv2%2Ftags&post=6568"}],"curies":[{"name":"wp","href":"https:\/\/api.w.org\/{rel}","templated":true}]}}