{"id":6616,"date":"2018-03-29T14:57:38","date_gmt":"2018-03-29T12:57:38","guid":{"rendered":"https:\/\/kirche-hilsbach-weiler.de\/hw\/?p=6616"},"modified":"2018-03-29T15:25:20","modified_gmt":"2018-03-29T13:25:20","slug":"wir-feiern-ostern","status":"publish","type":"post","link":"https:\/\/kirche-hilsbach-weiler.de\/hw\/?p=6616","title":{"rendered":"Wir feiern Ostern!"},"content":{"rendered":"<p><a href=\"https:\/\/i0.wp.com\/kirche-hilsbach-weiler.de\/hw\/wp-content\/uploads\/2018\/03\/29662438_1384578541642448_8566174918125300687_o.jpg?ssl=1\" data-src=\"https:\/\/kirche-hilsbach-weiler.de\/hw\/wp-content\/uploads\/2018\/03\/29662438_1384578541642448_8566174918125300687_o.jpg\" data-thumb=\"https:\/\/kirche-hilsbach-weiler.de\/hw\/wp-content\/uploads\/2018\/03\/29662438_1384578541642448_8566174918125300687_o-300x136.jpg\" class=\"ml-lightbox-enabled\"><img data-recalc-dims=\"1\" loading=\"lazy\" decoding=\"async\" data-attachment-id=\"6617\" data-permalink=\"https:\/\/kirche-hilsbach-weiler.de\/hw\/?attachment_id=6617\" data-orig-file=\"https:\/\/i0.wp.com\/kirche-hilsbach-weiler.de\/hw\/wp-content\/uploads\/2018\/03\/29662438_1384578541642448_8566174918125300687_o.jpg?fit=1754%2C797&amp;ssl=1\" data-orig-size=\"1754,797\" data-comments-opened=\"0\" data-image-meta=\"{&quot;aperture&quot;:&quot;0&quot;,&quot;credit&quot;:&quot;Seewald&quot;,&quot;camera&quot;:&quot;&quot;,&quot;caption&quot;:&quot;&quot;,&quot;created_timestamp&quot;:&quot;0&quot;,&quot;copyright&quot;:&quot;&quot;,&quot;focal_length&quot;:&quot;0&quot;,&quot;iso&quot;:&quot;0&quot;,&quot;shutter_speed&quot;:&quot;0&quot;,&quot;title&quot;:&quot;&quot;,&quot;orientation&quot;:&quot;0&quot;}\" data-image-title=\"29662438_1384578541642448_8566174918125300687_o\" data-image-description=\"\" data-image-caption=\"\" data-large-file=\"https:\/\/i0.wp.com\/kirche-hilsbach-weiler.de\/hw\/wp-content\/uploads\/2018\/03\/29662438_1384578541642448_8566174918125300687_o.jpg?fit=700%2C318&amp;ssl=1\" class=\"alignnone size-medium wp-image-6617\" src=\"https:\/\/i0.wp.com\/kirche-hilsbach-weiler.de\/hw\/wp-content\/uploads\/2018\/03\/29662438_1384578541642448_8566174918125300687_o-300x136.jpg?resize=300%2C136\" alt=\"\" width=\"300\" height=\"136\" srcset=\"https:\/\/i0.wp.com\/kirche-hilsbach-weiler.de\/hw\/wp-content\/uploads\/2018\/03\/29662438_1384578541642448_8566174918125300687_o.jpg?resize=300%2C136&amp;ssl=1 300w, https:\/\/i0.wp.com\/kirche-hilsbach-weiler.de\/hw\/wp-content\/uploads\/2018\/03\/29662438_1384578541642448_8566174918125300687_o.jpg?resize=768%2C349&amp;ssl=1 768w, https:\/\/i0.wp.com\/kirche-hilsbach-weiler.de\/hw\/wp-content\/uploads\/2018\/03\/29662438_1384578541642448_8566174918125300687_o.jpg?resize=1024%2C465&amp;ssl=1 1024w, https:\/\/i0.wp.com\/kirche-hilsbach-weiler.de\/hw\/wp-content\/uploads\/2018\/03\/29662438_1384578541642448_8566174918125300687_o.jpg?w=1754&amp;ssl=1 1754w, https:\/\/i0.wp.com\/kirche-hilsbach-weiler.de\/hw\/wp-content\/uploads\/2018\/03\/29662438_1384578541642448_8566174918125300687_o.jpg?w=1400&amp;ssl=1 1400w\" sizes=\"auto, (max-width: 300px) 100vw, 300px\" \/><\/a><\/p>\n<p><span class=\" UFICommentActorAndBody\"><span data-ft=\"{&quot;tn&quot;:&quot;K&quot;}\"><span class=\"UFICommentBody\">Mit Kindergottesdienst an Karfreitag in Hilsbach und Ostersonntag in Weiler, <\/span><\/span><\/span><span class=\" UFICommentActorAndBody\"><span data-ft=\"{&quot;tn&quot;:&quot;K&quot;}\"><span class=\"UFICommentBody\">passend zu den 10 Uhr Gottesdiensten. Herzliche Einladung an alle Kinder zwischen 3 Und 11 Jahre, das Geheimnis von Ostern zu entdecken.<\/span><\/span><\/span><\/p>\n","protected":false},"excerpt":{"rendered":"<p>Mit Kindergottesdienst an Karfreitag in Hilsbach und Ostersonntag in Weiler, passend zu den 10 Uhr Gottesdiensten. Herzliche Einladung an alle Kinder zwischen 3 Und 11 Jahre, das Geheimnis von Ostern zu entdecken.<\/p>\n","protected":false},"author":5,"featured_media":6617,"comment_status":"closed","ping_status":"closed","sticky":false,"template":"","format":"standard","meta":{"ngg_post_thumbnail":0,"_jetpack_newsletter_access":"","_jetpack_dont_email_post_to_subs":false,"_jetpack_newsletter_tier_id":0,"_jetpack_memberships_contains_paywalled_content":false,"_jetpack_memberships_contains_paid_content":false,"footnotes":""},"categories":[14,174,42],"tags":[175,50,177,178,62],"class_list":{"0":"entry","1":"post","2":"publish","3":"author-spickel","4":"post-6616","6":"format-standard","7":"has-post-thumbnail","8":"category-events","9":"category-gottesdienste","10":"category-news","11":"post_tag-auferstehung","12":"post_tag-gottesdienst","13":"post_tag-gruendonnerstag","14":"post_tag-karfreitag","15":"post_tag-ostern"},"jetpack_featured_media_url":"https:\/\/i0.wp.com\/kirche-hilsbach-weiler.de\/hw\/wp-content\/uploads\/2018\/03\/29662438_1384578541642448_8566174918125300687_o.jpg?fit=1754%2C797&ssl=1","jetpack_shortlink":"https:\/\/wp.me\/p4vBdR-1II","jetpack_likes_enabled":false,"jetpack-related-posts":[{"id":3515,"url":"https:\/\/kirche-hilsbach-weiler.de\/hw\/?p=3515","url_meta":{"origin":6616,"position":0},"title":"Ostern 2015 in unseren Gemeinden","author":"Administrator","date":"25. M\u00e4rz 2015","format":false,"excerpt":"Das Leiden, Sterben und die Auferstehung Jesu sind zentraler Bestandteil christlichen Glaubens. Hier geht es an den Kern, hier geht es an's \"Eingemachte\". Wieso musste Jesus sterben? Wieso f\u00fcr mich? Und wie zuverl\u00e4ssig ist diese - zugegebenerma\u00dfen - ziemlich au\u00dfergew\u00f6hnliche Botschaft von der Auferstehung am Ostermorgen? Wir laden herzlich ein\u2026","rel":"","context":"In &quot;News&quot;","block_context":{"text":"News","link":"https:\/\/kirche-hilsbach-weiler.de\/hw\/?cat=42"},"img":{"alt_text":"","src":"https:\/\/i0.wp.com\/kirche-hilsbach-weiler.de\/hw\/wp-content\/uploads\/2015\/03\/2015-Ostern.jpg?fit=1200%2C900&ssl=1&resize=350%2C200","width":350,"height":200,"srcset":"https:\/\/i0.wp.com\/kirche-hilsbach-weiler.de\/hw\/wp-content\/uploads\/2015\/03\/2015-Ostern.jpg?fit=1200%2C900&ssl=1&resize=350%2C200 1x, https:\/\/i0.wp.com\/kirche-hilsbach-weiler.de\/hw\/wp-content\/uploads\/2015\/03\/2015-Ostern.jpg?fit=1200%2C900&ssl=1&resize=525%2C300 1.5x, https:\/\/i0.wp.com\/kirche-hilsbach-weiler.de\/hw\/wp-content\/uploads\/2015\/03\/2015-Ostern.jpg?fit=1200%2C900&ssl=1&resize=700%2C400 2x, https:\/\/i0.wp.com\/kirche-hilsbach-weiler.de\/hw\/wp-content\/uploads\/2015\/03\/2015-Ostern.jpg?fit=1200%2C900&ssl=1&resize=1050%2C600 3x"},"classes":[]},{"id":9505,"url":"https:\/\/kirche-hilsbach-weiler.de\/hw\/?p=9505","url_meta":{"origin":6616,"position":1},"title":"Gottesdienste \u00fcber Ostern","author":"Carsten Glaser","date":"28. M\u00e4rz 2021","format":false,"excerpt":"Herzliche Einladung zu unseren Gottesdiensten \u00fcber Ostern (bitte anmelden!): Gr\u00fcndonnerstag. 01.04. 19.00 Uhr Gottesdienst mit \u201ecorona-konformem\u201c Abendmahl, Ev. Kirche in Weiler. Karfreitag, 02.04. 09.00 Uhr Gottesdienst, Ev. Kirche in Weiler 10.00 Uhr Gottesdienst mit \u201ecorona-konformem\u201c Abendmahl, Ev. Kirche in Hilsbach. 10.00 Uhr Videogottesdienst mit Abendmahl (Aufzeichnung vom 01.04.) 15.00 Uhr\u2026","rel":"","context":"In &quot;Events&quot;","block_context":{"text":"Events","link":"https:\/\/kirche-hilsbach-weiler.de\/hw\/?cat=14"},"img":{"alt_text":"","src":"https:\/\/i0.wp.com\/kirche-hilsbach-weiler.de\/hw\/wp-content\/uploads\/2021\/03\/Betender-vor-Kreuz.jpg?fit=1200%2C399&ssl=1&resize=350%2C200","width":350,"height":200,"srcset":"https:\/\/i0.wp.com\/kirche-hilsbach-weiler.de\/hw\/wp-content\/uploads\/2021\/03\/Betender-vor-Kreuz.jpg?fit=1200%2C399&ssl=1&resize=350%2C200 1x, https:\/\/i0.wp.com\/kirche-hilsbach-weiler.de\/hw\/wp-content\/uploads\/2021\/03\/Betender-vor-Kreuz.jpg?fit=1200%2C399&ssl=1&resize=525%2C300 1.5x, https:\/\/i0.wp.com\/kirche-hilsbach-weiler.de\/hw\/wp-content\/uploads\/2021\/03\/Betender-vor-Kreuz.jpg?fit=1200%2C399&ssl=1&resize=700%2C400 2x, https:\/\/i0.wp.com\/kirche-hilsbach-weiler.de\/hw\/wp-content\/uploads\/2021\/03\/Betender-vor-Kreuz.jpg?fit=1200%2C399&ssl=1&resize=1050%2C600 3x"},"classes":[]},{"id":10721,"url":"https:\/\/kirche-hilsbach-weiler.de\/hw\/?p=10721","url_meta":{"origin":6616,"position":2},"title":"Gottesdienste \u00fcber Ostern","author":"Carsten Glaser","date":"2. April 2023","format":false,"excerpt":"Herzliche Einladung zu unseren Gottesdiensten \u00fcber Ostern: Gr\u00fcndonnerstag, 06.04. 19.00 Uhr Gottesdienst mit Abendmahl und PfefferCH\u00d6Rner-Ostermusical Teil 1, Ev. Kirche in Weiler Karfreitag, 07.04. 10.00 Uhr Gottesdienst mit Kirchenchor Weiler, Ev. Kirche in Weiler 15.00 Uhr Gottesdienst zur Todesstunde Jesu mit Abendmahl und Kirchenchor Hilsbach, Ev. Kirche in Hilsbach Karsamstag,\u2026","rel":"","context":"In &quot;Events&quot;","block_context":{"text":"Events","link":"https:\/\/kirche-hilsbach-weiler.de\/hw\/?cat=14"},"img":{"alt_text":"","src":"https:\/\/i0.wp.com\/kirche-hilsbach-weiler.de\/hw\/wp-content\/uploads\/2021\/03\/Betender-vor-Kreuz.jpg?fit=1200%2C399&ssl=1&resize=350%2C200","width":350,"height":200,"srcset":"https:\/\/i0.wp.com\/kirche-hilsbach-weiler.de\/hw\/wp-content\/uploads\/2021\/03\/Betender-vor-Kreuz.jpg?fit=1200%2C399&ssl=1&resize=350%2C200 1x, https:\/\/i0.wp.com\/kirche-hilsbach-weiler.de\/hw\/wp-content\/uploads\/2021\/03\/Betender-vor-Kreuz.jpg?fit=1200%2C399&ssl=1&resize=525%2C300 1.5x, https:\/\/i0.wp.com\/kirche-hilsbach-weiler.de\/hw\/wp-content\/uploads\/2021\/03\/Betender-vor-Kreuz.jpg?fit=1200%2C399&ssl=1&resize=700%2C400 2x, https:\/\/i0.wp.com\/kirche-hilsbach-weiler.de\/hw\/wp-content\/uploads\/2021\/03\/Betender-vor-Kreuz.jpg?fit=1200%2C399&ssl=1&resize=1050%2C600 3x"},"classes":[]},{"id":2554,"url":"https:\/\/kirche-hilsbach-weiler.de\/hw\/?p=2554","url_meta":{"origin":6616,"position":3},"title":"Gottesdienste an Ostern","author":"Administrator","date":"15. April 2014","format":false,"excerpt":"Karfreitag und Ostersonntag sind die wohl wichtigsten und am meisten gefeierten Tage der Menschheitsgeschichte. Gott erm\u00f6glicht durch das Kreuz den Frieden und die Vers\u00f6hnung mit ihm - und den Menschen. Aber dabei blieb es nicht: das Grab konnte Jesus nicht halten. Der Stein war weggerollt und das Grab war leer.\u2026","rel":"","context":"In &quot;News&quot;","block_context":{"text":"News","link":"https:\/\/kirche-hilsbach-weiler.de\/hw\/?cat=42"},"img":{"alt_text":"","src":"https:\/\/i0.wp.com\/kirche-hilsbach-weiler.de\/hw\/wp-content\/uploads\/2014\/04\/Rugged_Cross_Nails_Sunset.jpg?fit=1200%2C675&ssl=1&resize=350%2C200","width":350,"height":200,"srcset":"https:\/\/i0.wp.com\/kirche-hilsbach-weiler.de\/hw\/wp-content\/uploads\/2014\/04\/Rugged_Cross_Nails_Sunset.jpg?fit=1200%2C675&ssl=1&resize=350%2C200 1x, https:\/\/i0.wp.com\/kirche-hilsbach-weiler.de\/hw\/wp-content\/uploads\/2014\/04\/Rugged_Cross_Nails_Sunset.jpg?fit=1200%2C675&ssl=1&resize=525%2C300 1.5x, https:\/\/i0.wp.com\/kirche-hilsbach-weiler.de\/hw\/wp-content\/uploads\/2014\/04\/Rugged_Cross_Nails_Sunset.jpg?fit=1200%2C675&ssl=1&resize=700%2C400 2x, https:\/\/i0.wp.com\/kirche-hilsbach-weiler.de\/hw\/wp-content\/uploads\/2014\/04\/Rugged_Cross_Nails_Sunset.jpg?fit=1200%2C675&ssl=1&resize=1050%2C600 3x"},"classes":[]},{"id":11120,"url":"https:\/\/kirche-hilsbach-weiler.de\/hw\/?p=11120","url_meta":{"origin":6616,"position":4},"title":"Unsere Gottesdienste \u00fcber Ostern","author":"Carsten Glaser","date":"24. M\u00e4rz 2024","format":false,"excerpt":"Herzliche Einladung zu unseren Gottesdiensten in der Karwoche und an Ostern Gr\u00fcndonnerstag (Pfarrer Markus Printz) 19.00 Uhr Ev. Kirche Weiler Gottesdienst mit Abendmahl Karfreitag (Pfarrer Markus Printz) 10.00 Uhr Ev. Michaelskirche Hilsbach mit Kirchenchor Hilsbach Gottesdienst mit Abendmahl Teil 2 der Predigtreihe \u00fcber die 7 letzten Worte Jesu am Kreuz\u2026","rel":"","context":"In &quot;Events&quot;","block_context":{"text":"Events","link":"https:\/\/kirche-hilsbach-weiler.de\/hw\/?cat=14"},"img":{"alt_text":"","src":"https:\/\/i0.wp.com\/kirche-hilsbach-weiler.de\/hw\/wp-content\/uploads\/2021\/03\/Betender-vor-Kreuz.jpg?fit=1200%2C399&ssl=1&resize=350%2C200","width":350,"height":200,"srcset":"https:\/\/i0.wp.com\/kirche-hilsbach-weiler.de\/hw\/wp-content\/uploads\/2021\/03\/Betender-vor-Kreuz.jpg?fit=1200%2C399&ssl=1&resize=350%2C200 1x, https:\/\/i0.wp.com\/kirche-hilsbach-weiler.de\/hw\/wp-content\/uploads\/2021\/03\/Betender-vor-Kreuz.jpg?fit=1200%2C399&ssl=1&resize=525%2C300 1.5x, https:\/\/i0.wp.com\/kirche-hilsbach-weiler.de\/hw\/wp-content\/uploads\/2021\/03\/Betender-vor-Kreuz.jpg?fit=1200%2C399&ssl=1&resize=700%2C400 2x, https:\/\/i0.wp.com\/kirche-hilsbach-weiler.de\/hw\/wp-content\/uploads\/2021\/03\/Betender-vor-Kreuz.jpg?fit=1200%2C399&ssl=1&resize=1050%2C600 3x"},"classes":[]},{"id":7244,"url":"https:\/\/kirche-hilsbach-weiler.de\/hw\/?p=7244","url_meta":{"origin":6616,"position":5},"title":"Ostern in unserer Gemeinde","author":"Carsten Glaser","date":"13. April 2019","format":false,"excerpt":"Das Leiden, Sterben und die Auferstehung Jesu sind zentraler Bestandteil christlichen Glaubens. Hier geht es an den Kern, hier geht es an's \"Eingemachte\". Wieso musste Jesus sterben? Wieso f\u00fcr mich? Und wie zuverl\u00e4ssig ist diese - zugegebenerma\u00dfen - ziemlich au\u00dfergew\u00f6hnliche Botschaft von der Auferstehung am Ostermorgen? Wir laden herzlich ein\u2026","rel":"","context":"In &quot;Events&quot;","block_context":{"text":"Events","link":"https:\/\/kirche-hilsbach-weiler.de\/hw\/?cat=14"},"img":{"alt_text":"","src":"https:\/\/i0.wp.com\/kirche-hilsbach-weiler.de\/hw\/wp-content\/uploads\/2018\/01\/BetervorKreuzen.jpg?fit=1200%2C399&ssl=1&resize=350%2C200","width":350,"height":200,"srcset":"https:\/\/i0.wp.com\/kirche-hilsbach-weiler.de\/hw\/wp-content\/uploads\/2018\/01\/BetervorKreuzen.jpg?fit=1200%2C399&ssl=1&resize=350%2C200 1x, https:\/\/i0.wp.com\/kirche-hilsbach-weiler.de\/hw\/wp-content\/uploads\/2018\/01\/BetervorKreuzen.jpg?fit=1200%2C399&ssl=1&resize=525%2C300 1.5x, https:\/\/i0.wp.com\/kirche-hilsbach-weiler.de\/hw\/wp-content\/uploads\/2018\/01\/BetervorKreuzen.jpg?fit=1200%2C399&ssl=1&resize=700%2C400 2x, https:\/\/i0.wp.com\/kirche-hilsbach-weiler.de\/hw\/wp-content\/uploads\/2018\/01\/BetervorKreuzen.jpg?fit=1200%2C399&ssl=1&resize=1050%2C600 3x"},"classes":[]}],"jetpack_sharing_enabled":true,"_links":{"self":[{"href":"https:\/\/kirche-hilsbach-weiler.de\/hw\/index.php?rest_route=\/wp\/v2\/posts\/6616","targetHints":{"allow":["GET"]}}],"collection":[{"href":"https:\/\/kirche-hilsbach-weiler.de\/hw\/index.php?rest_route=\/wp\/v2\/posts"}],"about":[{"href":"https:\/\/kirche-hilsbach-weiler.de\/hw\/index.php?rest_route=\/wp\/v2\/types\/post"}],"author":[{"embeddable":true,"href":"https:\/\/kirche-hilsbach-weiler.de\/hw\/index.php?rest_route=\/wp\/v2\/users\/5"}],"replies":[{"embeddable":true,"href":"https:\/\/kirche-hilsbach-weiler.de\/hw\/index.php?rest_route=%2Fwp%2Fv2%2Fcomments&post=6616"}],"version-history":[{"count":0,"href":"https:\/\/kirche-hilsbach-weiler.de\/hw\/index.php?rest_route=\/wp\/v2\/posts\/6616\/revisions"}],"wp:featuredmedia":[{"embeddable":true,"href":"https:\/\/kirche-hilsbach-weiler.de\/hw\/index.php?rest_route=\/wp\/v2\/media\/6617"}],"wp:attachment":[{"href":"https:\/\/kirche-hilsbach-weiler.de\/hw\/index.php?rest_route=%2Fwp%2Fv2%2Fmedia&parent=6616"}],"wp:term":[{"taxonomy":"category","embeddable":true,"href":"https:\/\/kirche-hilsbach-weiler.de\/hw\/index.php?rest_route=%2Fwp%2Fv2%2Fcategories&post=6616"},{"taxonomy":"post_tag","embeddable":true,"href":"https:\/\/kirche-hilsbach-weiler.de\/hw\/index.php?rest_route=%2Fwp%2Fv2%2Ftags&post=6616"}],"curies":[{"name":"wp","href":"https:\/\/api.w.org\/{rel}","templated":true}]}}