{"id":6643,"date":"2018-04-27T06:00:34","date_gmt":"2018-04-27T04:00:34","guid":{"rendered":"https:\/\/kirche-hilsbach-weiler.de\/hw\/?p=6643"},"modified":"2018-04-25T20:43:15","modified_gmt":"2018-04-25T18:43:15","slug":"gottesdienst-mobil","status":"publish","type":"post","link":"https:\/\/kirche-hilsbach-weiler.de\/hw\/?p=6643","title":{"rendered":"Gottesdienst mobil"},"content":{"rendered":"<p>Nach den Gottesdiensten am kommenden <strong>Sonntag, 29. April<\/strong>, jeweils um 10 Uhr in Hilsbach (Konfirmation) und Weiler (Kirchenmusikalischer Gottesdienst mit dem Kirchenchor Weiler und Pr\u00e4dikant Kerksiek), zu denen sehr herzlich eingeladen wird, verlassen wir unsere Kirchengeb\u00e4ude, um unsere Gottesdienste an eher ungewohnten Orten in Weiler und Hilsbach zu feiern:<\/p>\n<p>Am <strong>Sonntag, 06. Mai<\/strong> ab 10.00 Uhr nehmen wir am Gottesdienst im Rahmen des Fr\u00fchlingsmissionsfestes auf dem Buchenauerhof teil.<br \/>\n<a href=\"https:\/\/www.dmgint.de\/veranstaltungen\/grossveranstaltungen\/details-zur-veranstaltung\/dmg-fmf-2018.html\" target=\"_blank\" rel=\"noopener\"><img data-recalc-dims=\"1\" loading=\"lazy\" decoding=\"async\" data-attachment-id=\"6641\" data-permalink=\"https:\/\/kirche-hilsbach-weiler.de\/hw\/?attachment_id=6641\" data-orig-file=\"https:\/\/i0.wp.com\/kirche-hilsbach-weiler.de\/hw\/wp-content\/uploads\/2018\/04\/dmg_fr%C3%BChlingsmissionsfest_2018-EINLADUNG-a85876d1.jpg?fit=1024%2C512&amp;ssl=1\" data-orig-size=\"1024,512\" data-comments-opened=\"0\" data-image-meta=\"{&quot;aperture&quot;:&quot;0&quot;,&quot;credit&quot;:&quot;&quot;,&quot;camera&quot;:&quot;&quot;,&quot;caption&quot;:&quot;&quot;,&quot;created_timestamp&quot;:&quot;0&quot;,&quot;copyright&quot;:&quot;&quot;,&quot;focal_length&quot;:&quot;0&quot;,&quot;iso&quot;:&quot;0&quot;,&quot;shutter_speed&quot;:&quot;0&quot;,&quot;title&quot;:&quot;&quot;,&quot;orientation&quot;:&quot;0&quot;}\" data-image-title=\"dmg_fr\u00fchlingsmissionsfest_2018-EINLADUNG-a85876d1\" data-image-description=\"\" data-image-caption=\"\" data-large-file=\"https:\/\/i0.wp.com\/kirche-hilsbach-weiler.de\/hw\/wp-content\/uploads\/2018\/04\/dmg_fr%C3%BChlingsmissionsfest_2018-EINLADUNG-a85876d1.jpg?fit=700%2C350&amp;ssl=1\" class=\"alignnone wp-image-6641 size-medium\" src=\"https:\/\/i0.wp.com\/kirche-hilsbach-weiler.de\/hw\/wp-content\/uploads\/2018\/04\/dmg_fr%C3%BChlingsmissionsfest_2018-EINLADUNG-a85876d1-300x150.jpg?resize=300%2C150\" alt=\"\" width=\"300\" height=\"150\" srcset=\"https:\/\/i0.wp.com\/kirche-hilsbach-weiler.de\/hw\/wp-content\/uploads\/2018\/04\/dmg_fr%C3%BChlingsmissionsfest_2018-EINLADUNG-a85876d1.jpg?resize=300%2C150&amp;ssl=1 300w, https:\/\/i0.wp.com\/kirche-hilsbach-weiler.de\/hw\/wp-content\/uploads\/2018\/04\/dmg_fr%C3%BChlingsmissionsfest_2018-EINLADUNG-a85876d1.jpg?resize=768%2C384&amp;ssl=1 768w, https:\/\/i0.wp.com\/kirche-hilsbach-weiler.de\/hw\/wp-content\/uploads\/2018\/04\/dmg_fr%C3%BChlingsmissionsfest_2018-EINLADUNG-a85876d1.jpg?w=1024&amp;ssl=1 1024w\" sizes=\"auto, (max-width: 300px) 100vw, 300px\" \/><\/a><\/p>\n<p>Zur gemeinsamen &#8216;Anreise&#8217; bieten wir folgende M\u00f6glichkeiten:<br \/>\n&#8211; Vom Sportplatz am See in Hilsbach gehen um 09.10 Uhr die Kinder vom Kindergottesdienst (Ansprechpartnerin ist Frau Falter) und alle Wanderfreudigen los, um 09.30 fahren dort die Radfahrer ab (Ansprechpartner ist Familie Printz).<br \/>\n&#8211; Die Radgruppe aus Weiler trifft sich um 09.30 Uhr in der H\u00e4lde 38 (Ansprechpartner ist Familie Ga\u00dfmann).<br \/>\n&#8211; Wer mit dem Auto f\u00e4hrt und jemanden mitnehmen kann oder eine Mitfahrgelegenheit sucht, wird gebeten, sich im Pfarramt zu melden.<\/p>\n<p>Am <strong>Donnerstag, 10.05.<\/strong> (<strong>Christi Himmelfahrt<\/strong>) findet ab 10.00 Uhr ein Gottesdienst am Hilsbacher See im Rahmen des Seefestes des Musikvereins statt, der unter Mitwirkung des Musikvereins \u00f6kumenisch gestaltet wird. Herzliche Einladung an alle Einheimische &#8211; insbesondere V\u00e4ter und andere Wanderer &#8211; den &#8220;Vatertag&#8221; mit einem Open-Air-Gottesdienst zu beginnen!<\/p>\n","protected":false},"excerpt":{"rendered":"<p>Nach den Gottesdiensten am kommenden Sonntag, 29. April, jeweils um 10 Uhr in Hilsbach (Konfirmation) und Weiler (Kirchenmusikalischer Gottesdienst mit dem Kirchenchor Weiler und Pr\u00e4dikant Kerksiek), zu denen sehr herzlich eingeladen wird, verlassen wir unsere Kirchengeb\u00e4ude, um unsere Gottesdienste an eher ungewohnten Orten in Weiler und Hilsbach zu feiern: Am Sonntag, 06. Mai ab 10.00 &#8230; <span class=\"more\"><a class=\"more-link\" href=\"https:\/\/kirche-hilsbach-weiler.de\/hw\/?p=6643\">[Weiter&#8230;]<\/a><\/span><\/p>\n","protected":false},"author":3,"featured_media":6644,"comment_status":"closed","ping_status":"closed","sticky":false,"template":"","format":"standard","meta":{"ngg_post_thumbnail":0,"_jetpack_newsletter_access":"","_jetpack_dont_email_post_to_subs":false,"_jetpack_newsletter_tier_id":0,"_jetpack_memberships_contains_paywalled_content":false,"_jetpack_memberships_contains_paid_content":false,"footnotes":""},"categories":[14,174,42],"tags":[50,73,47,133],"class_list":{"0":"entry","1":"post","2":"publish","3":"author-cglaser","4":"post-6643","6":"format-standard","7":"has-post-thumbnail","8":"category-events","9":"category-gottesdienste","10":"category-news","11":"post_tag-gottesdienst","12":"post_tag-kirchenchor","13":"post_tag-mission","14":"post_tag-oekumene"},"jetpack_featured_media_url":"https:\/\/i0.wp.com\/kirche-hilsbach-weiler.de\/hw\/wp-content\/uploads\/2018\/04\/cross-71530_1280.jpg?fit=1280%2C851&ssl=1","jetpack_shortlink":"https:\/\/wp.me\/p4vBdR-1J9","jetpack_likes_enabled":false,"jetpack-related-posts":[{"id":7140,"url":"https:\/\/kirche-hilsbach-weiler.de\/hw\/?p=7140","url_meta":{"origin":6643,"position":0},"title":"Unsere Gottesdienste an Weihnachten","author":"Carsten Glaser","date":"21. Dezember 2018","format":false,"excerpt":"Jesus hat Geburtstag! Das feiern wir mit folgenden Gottesdiensten und Veranstaltungen um Weihnachten und Neujahr: 4. Advent, 23.12.2018 19.30 Uhr, Ev. Kirche Weiler, Geistliche Abendmusik mit dem Kirchenchor Weiler Heiligabend, 24.12.2018 13.30 Uhr, Dorfplatz Weiler, Platzblasen Posaunenchor 14.00 Uhr, Kornblumenstra\u00dfe Weiler, Platzblasen Posaunenchor 15.00 Uhr, F\u00fcrstenwaldstra\u00dfe Hilsbach, Platzblasen Posaunenchor 15.30\u2026","rel":"","context":"In &quot;Events&quot;","block_context":{"text":"Events","link":"https:\/\/kirche-hilsbach-weiler.de\/hw\/?cat=14"},"img":{"alt_text":"","src":"https:\/\/i0.wp.com\/kirche-hilsbach-weiler.de\/hw\/wp-content\/uploads\/2018\/12\/jesus-1327882_640.png?fit=640%2C320&ssl=1&resize=350%2C200","width":350,"height":200,"srcset":"https:\/\/i0.wp.com\/kirche-hilsbach-weiler.de\/hw\/wp-content\/uploads\/2018\/12\/jesus-1327882_640.png?fit=640%2C320&ssl=1&resize=350%2C200 1x, https:\/\/i0.wp.com\/kirche-hilsbach-weiler.de\/hw\/wp-content\/uploads\/2018\/12\/jesus-1327882_640.png?fit=640%2C320&ssl=1&resize=525%2C300 1.5x"},"classes":[]},{"id":10994,"url":"https:\/\/kirche-hilsbach-weiler.de\/hw\/?p=10994","url_meta":{"origin":6643,"position":1},"title":"Advent! Jesus kommt.","author":"Carsten Glaser","date":"28. November 2023","format":false,"excerpt":"Daran wollen wir auch in unserer Gemeinde denken. Unsere Veranstaltungen dieses Jahr: Samstag, 02.12.2023 ab 15 Uhr Weihnachtsmarkt Weiler (mit Verkaufsstand unserer Kirchengemeinde) Sonntag, 03.12.2023 10 Uhr Gottesdienst zum 1. Advent in der Ev. Michaelskirche Hilsbach mit Pfarrer Markus Printz Sonntag, 10.12.2023 10 Uhr Gottesdienst zum 2. Advent in der\u2026","rel":"","context":"In &quot;Events&quot;","block_context":{"text":"Events","link":"https:\/\/kirche-hilsbach-weiler.de\/hw\/?cat=14"},"img":{"alt_text":"","src":"https:\/\/i0.wp.com\/kirche-hilsbach-weiler.de\/hw\/wp-content\/uploads\/2023\/11\/candles-1518932_1280.jpg?fit=1200%2C800&ssl=1&resize=350%2C200","width":350,"height":200,"srcset":"https:\/\/i0.wp.com\/kirche-hilsbach-weiler.de\/hw\/wp-content\/uploads\/2023\/11\/candles-1518932_1280.jpg?fit=1200%2C800&ssl=1&resize=350%2C200 1x, https:\/\/i0.wp.com\/kirche-hilsbach-weiler.de\/hw\/wp-content\/uploads\/2023\/11\/candles-1518932_1280.jpg?fit=1200%2C800&ssl=1&resize=525%2C300 1.5x, https:\/\/i0.wp.com\/kirche-hilsbach-weiler.de\/hw\/wp-content\/uploads\/2023\/11\/candles-1518932_1280.jpg?fit=1200%2C800&ssl=1&resize=700%2C400 2x, https:\/\/i0.wp.com\/kirche-hilsbach-weiler.de\/hw\/wp-content\/uploads\/2023\/11\/candles-1518932_1280.jpg?fit=1200%2C800&ssl=1&resize=1050%2C600 3x"},"classes":[]},{"id":9505,"url":"https:\/\/kirche-hilsbach-weiler.de\/hw\/?p=9505","url_meta":{"origin":6643,"position":2},"title":"Gottesdienste \u00fcber Ostern","author":"Carsten Glaser","date":"28. M\u00e4rz 2021","format":false,"excerpt":"Herzliche Einladung zu unseren Gottesdiensten \u00fcber Ostern (bitte anmelden!): Gr\u00fcndonnerstag. 01.04. 19.00 Uhr Gottesdienst mit \u201ecorona-konformem\u201c Abendmahl, Ev. Kirche in Weiler. Karfreitag, 02.04. 09.00 Uhr Gottesdienst, Ev. Kirche in Weiler 10.00 Uhr Gottesdienst mit \u201ecorona-konformem\u201c Abendmahl, Ev. Kirche in Hilsbach. 10.00 Uhr Videogottesdienst mit Abendmahl (Aufzeichnung vom 01.04.) 15.00 Uhr\u2026","rel":"","context":"In &quot;Events&quot;","block_context":{"text":"Events","link":"https:\/\/kirche-hilsbach-weiler.de\/hw\/?cat=14"},"img":{"alt_text":"","src":"https:\/\/i0.wp.com\/kirche-hilsbach-weiler.de\/hw\/wp-content\/uploads\/2021\/03\/Betender-vor-Kreuz.jpg?fit=1200%2C399&ssl=1&resize=350%2C200","width":350,"height":200,"srcset":"https:\/\/i0.wp.com\/kirche-hilsbach-weiler.de\/hw\/wp-content\/uploads\/2021\/03\/Betender-vor-Kreuz.jpg?fit=1200%2C399&ssl=1&resize=350%2C200 1x, https:\/\/i0.wp.com\/kirche-hilsbach-weiler.de\/hw\/wp-content\/uploads\/2021\/03\/Betender-vor-Kreuz.jpg?fit=1200%2C399&ssl=1&resize=525%2C300 1.5x, https:\/\/i0.wp.com\/kirche-hilsbach-weiler.de\/hw\/wp-content\/uploads\/2021\/03\/Betender-vor-Kreuz.jpg?fit=1200%2C399&ssl=1&resize=700%2C400 2x, https:\/\/i0.wp.com\/kirche-hilsbach-weiler.de\/hw\/wp-content\/uploads\/2021\/03\/Betender-vor-Kreuz.jpg?fit=1200%2C399&ssl=1&resize=1050%2C600 3x"},"classes":[]},{"id":10446,"url":"https:\/\/kirche-hilsbach-weiler.de\/hw\/?p=10446","url_meta":{"origin":6643,"position":3},"title":"Unsere Gottesdienste an Weihnachten","author":"Carsten Glaser","date":"20. Dezember 2022","format":false,"excerpt":"Herzliche Einladung zu unseren Gottesdiensten an Weihnachten:Heiligabend, 24. Dezember 16:00 Uhr Familiengottesdienst (Michaelskirche Hilsbach) mit Pfarrer Markus Printz und Auff\u00fchrung des Weihnachtsmusicals \u201aStern \u00fcber Bethlehem\u2018 durch die PfefferCH\u00d6Rner unter Leitung von Cornelia Ritz 17:30 Uhr Christvesper (Ev. Kirche Weiler) mit Pfarrer Markus Printz und dem Jugendkreis 22:00 Uhr Christmette \"Abenteuer\u2026","rel":"","context":"In &quot;Gottesdienste&quot;","block_context":{"text":"Gottesdienste","link":"https:\/\/kirche-hilsbach-weiler.de\/hw\/?cat=174"},"img":{"alt_text":"","src":"https:\/\/i0.wp.com\/kirche-hilsbach-weiler.de\/hw\/wp-content\/uploads\/2022\/12\/Weihnachtsgottesdienste-e1734171224492.jpg?fit=1200%2C1084&ssl=1&resize=350%2C200","width":350,"height":200,"srcset":"https:\/\/i0.wp.com\/kirche-hilsbach-weiler.de\/hw\/wp-content\/uploads\/2022\/12\/Weihnachtsgottesdienste-e1734171224492.jpg?fit=1200%2C1084&ssl=1&resize=350%2C200 1x, https:\/\/i0.wp.com\/kirche-hilsbach-weiler.de\/hw\/wp-content\/uploads\/2022\/12\/Weihnachtsgottesdienste-e1734171224492.jpg?fit=1200%2C1084&ssl=1&resize=525%2C300 1.5x, https:\/\/i0.wp.com\/kirche-hilsbach-weiler.de\/hw\/wp-content\/uploads\/2022\/12\/Weihnachtsgottesdienste-e1734171224492.jpg?fit=1200%2C1084&ssl=1&resize=700%2C400 2x, https:\/\/i0.wp.com\/kirche-hilsbach-weiler.de\/hw\/wp-content\/uploads\/2022\/12\/Weihnachtsgottesdienste-e1734171224492.jpg?fit=1200%2C1084&ssl=1&resize=1050%2C600 3x"},"classes":[]},{"id":7655,"url":"https:\/\/kirche-hilsbach-weiler.de\/hw\/?p=7655","url_meta":{"origin":6643,"position":4},"title":"Happy birthday!","author":"Carsten Glaser","date":"20. Dezember 2019","format":false,"excerpt":"Weihnachten hat Jesus Geburtstag! Das feiern wir in unserer Gemeinde auf vielf\u00e4ltige Art und Weise und laden herzlich ein: Sonntag, 22.12. (4. Advent): 10.00 Uhr Gottesdienst (Frau Brixel & Pfr. Dr. Printz, Ev. Kirche Hilsbach) 17.00 Uhr Geistliche Abendmusik zur Advents- & Weihnachtszeit mit Ev. Kirchenchor Weiler & Fl\u00f6tenensemble Sinsheim\u2026","rel":"","context":"In &quot;Events&quot;","block_context":{"text":"Events","link":"https:\/\/kirche-hilsbach-weiler.de\/hw\/?cat=14"},"img":{"alt_text":"","src":"https:\/\/i0.wp.com\/kirche-hilsbach-weiler.de\/hw\/wp-content\/uploads\/2019\/12\/birthday-1835443_1280.jpg?fit=1200%2C722&ssl=1&resize=350%2C200","width":350,"height":200,"srcset":"https:\/\/i0.wp.com\/kirche-hilsbach-weiler.de\/hw\/wp-content\/uploads\/2019\/12\/birthday-1835443_1280.jpg?fit=1200%2C722&ssl=1&resize=350%2C200 1x, https:\/\/i0.wp.com\/kirche-hilsbach-weiler.de\/hw\/wp-content\/uploads\/2019\/12\/birthday-1835443_1280.jpg?fit=1200%2C722&ssl=1&resize=525%2C300 1.5x, https:\/\/i0.wp.com\/kirche-hilsbach-weiler.de\/hw\/wp-content\/uploads\/2019\/12\/birthday-1835443_1280.jpg?fit=1200%2C722&ssl=1&resize=700%2C400 2x, https:\/\/i0.wp.com\/kirche-hilsbach-weiler.de\/hw\/wp-content\/uploads\/2019\/12\/birthday-1835443_1280.jpg?fit=1200%2C722&ssl=1&resize=1050%2C600 3x"},"classes":[]},{"id":4485,"url":"https:\/\/kirche-hilsbach-weiler.de\/hw\/?p=4485","url_meta":{"origin":6643,"position":5},"title":"Gottesdienste an Weihnachten","author":"Carsten Glaser","date":"22. Dezember 2015","format":false,"excerpt":"Mit der Geburt Jesu in einer Krippe, im Stall von Bethlehem, hat Gott seine Liebe bewiesen. Gott hat seinen Sohn in die H\u00e4nde von Menschen gegeben, um uns zu zeigen, wie wertvoll und wichtig wir ihm sind. Ab und an w\u00fcnschen wir uns doch ein neues, besseres Leben. Jedoch all\u2026","rel":"","context":"In &quot;Events&quot;","block_context":{"text":"Events","link":"https:\/\/kirche-hilsbach-weiler.de\/hw\/?cat=14"},"img":{"alt_text":"","src":"https:\/\/i0.wp.com\/kirche-hilsbach-weiler.de\/hw\/wp-content\/uploads\/2015\/12\/2014-01-25-2014-01-10-024.jpg?fit=549%2C480&ssl=1&resize=350%2C200","width":350,"height":200,"srcset":"https:\/\/i0.wp.com\/kirche-hilsbach-weiler.de\/hw\/wp-content\/uploads\/2015\/12\/2014-01-25-2014-01-10-024.jpg?fit=549%2C480&ssl=1&resize=350%2C200 1x, https:\/\/i0.wp.com\/kirche-hilsbach-weiler.de\/hw\/wp-content\/uploads\/2015\/12\/2014-01-25-2014-01-10-024.jpg?fit=549%2C480&ssl=1&resize=525%2C300 1.5x"},"classes":[]}],"jetpack_sharing_enabled":true,"_links":{"self":[{"href":"https:\/\/kirche-hilsbach-weiler.de\/hw\/index.php?rest_route=\/wp\/v2\/posts\/6643","targetHints":{"allow":["GET"]}}],"collection":[{"href":"https:\/\/kirche-hilsbach-weiler.de\/hw\/index.php?rest_route=\/wp\/v2\/posts"}],"about":[{"href":"https:\/\/kirche-hilsbach-weiler.de\/hw\/index.php?rest_route=\/wp\/v2\/types\/post"}],"author":[{"embeddable":true,"href":"https:\/\/kirche-hilsbach-weiler.de\/hw\/index.php?rest_route=\/wp\/v2\/users\/3"}],"replies":[{"embeddable":true,"href":"https:\/\/kirche-hilsbach-weiler.de\/hw\/index.php?rest_route=%2Fwp%2Fv2%2Fcomments&post=6643"}],"version-history":[{"count":0,"href":"https:\/\/kirche-hilsbach-weiler.de\/hw\/index.php?rest_route=\/wp\/v2\/posts\/6643\/revisions"}],"wp:featuredmedia":[{"embeddable":true,"href":"https:\/\/kirche-hilsbach-weiler.de\/hw\/index.php?rest_route=\/wp\/v2\/media\/6644"}],"wp:attachment":[{"href":"https:\/\/kirche-hilsbach-weiler.de\/hw\/index.php?rest_route=%2Fwp%2Fv2%2Fmedia&parent=6643"}],"wp:term":[{"taxonomy":"category","embeddable":true,"href":"https:\/\/kirche-hilsbach-weiler.de\/hw\/index.php?rest_route=%2Fwp%2Fv2%2Fcategories&post=6643"},{"taxonomy":"post_tag","embeddable":true,"href":"https:\/\/kirche-hilsbach-weiler.de\/hw\/index.php?rest_route=%2Fwp%2Fv2%2Ftags&post=6643"}],"curies":[{"name":"wp","href":"https:\/\/api.w.org\/{rel}","templated":true}]}}