{"id":7029,"date":"2018-10-21T19:00:04","date_gmt":"2018-10-21T17:00:04","guid":{"rendered":"https:\/\/kirche-hilsbach-weiler.de\/hw\/?p=7029"},"modified":"2018-10-19T19:05:41","modified_gmt":"2018-10-19T17:05:41","slug":"konzert-zum-reformationsfest","status":"publish","type":"post","link":"https:\/\/kirche-hilsbach-weiler.de\/hw\/?p=7029","title":{"rendered":"Konzert zum Reformationsfest"},"content":{"rendered":"<div><img data-recalc-dims=\"1\" loading=\"lazy\" decoding=\"async\" data-attachment-id=\"6012\" data-permalink=\"https:\/\/kirche-hilsbach-weiler.de\/hw\/?attachment_id=6012\" data-orig-file=\"https:\/\/i0.wp.com\/kirche-hilsbach-weiler.de\/hw\/wp-content\/uploads\/2017\/11\/KirchenchorHilsbach-e1511030468365.jpeg?fit=350%2C235&amp;ssl=1\" data-orig-size=\"350,235\" data-comments-opened=\"0\" data-image-meta=\"{&quot;aperture&quot;:&quot;0&quot;,&quot;credit&quot;:&quot;&quot;,&quot;camera&quot;:&quot;&quot;,&quot;caption&quot;:&quot;&quot;,&quot;created_timestamp&quot;:&quot;0&quot;,&quot;copyright&quot;:&quot;&quot;,&quot;focal_length&quot;:&quot;0&quot;,&quot;iso&quot;:&quot;0&quot;,&quot;shutter_speed&quot;:&quot;0&quot;,&quot;title&quot;:&quot;&quot;,&quot;orientation&quot;:&quot;0&quot;}\" data-image-title=\"Kirchenchor Hilsbach\" data-image-description=\"\" data-image-caption=\"\" data-large-file=\"https:\/\/i0.wp.com\/kirche-hilsbach-weiler.de\/hw\/wp-content\/uploads\/2017\/11\/KirchenchorHilsbach-e1511030468365.jpeg?fit=350%2C235&amp;ssl=1\" class=\"size-medium wp-image-6012 alignnone\" src=\"https:\/\/i0.wp.com\/kirche-hilsbach-weiler.de\/hw\/wp-content\/uploads\/2017\/11\/KirchenchorHilsbach.jpeg?resize=300%2C201&#038;ssl=1\" alt=\"\" width=\"300\" height=\"201\"><\/div>\n<div>Am <strong>Sonntag, 4. November, um 18.00 Uhr<\/strong> l\u00e4dt der evangelische Kirchenchor Hilsbach zu seinem Konzert anl\u00e4sslich des Reformationsfestes in die <strong>evangelische Kirche Hilsbach<\/strong> ein. Zusammen mit Solisten sowie Instrumentalisten werden Choralbearbeitungen aus der Barockzeit aufgef\u00fchrt. Unter anderem die Kantate \u201eErhalt uns Herr bei Deinem Wort\u201c von Dietrich Buxtehude nach dem Text von Martin Luther. Die Leitung hat Sabrina Keller. Der Eintritt zu diesem Konzert ist frei. Eine Spende zur Deckung der Kosten wird&nbsp;erbeten.<\/div>\n","protected":false},"excerpt":{"rendered":"<p>Am Sonntag, 4. November, um 18.00 Uhr l\u00e4dt der evangelische Kirchenchor Hilsbach zu seinem Konzert anl\u00e4sslich des Reformationsfestes in die evangelische Kirche Hilsbach ein. Zusammen mit Solisten sowie Instrumentalisten werden Choralbearbeitungen aus der Barockzeit aufgef\u00fchrt. Unter anderem die Kantate \u201eErhalt uns Herr bei Deinem Wort\u201c von Dietrich Buxtehude nach dem Text von Martin Luther. Die &#8230; <span class=\"more\"><a class=\"more-link\" href=\"https:\/\/kirche-hilsbach-weiler.de\/hw\/?p=7029\">[Weiter&#8230;]<\/a><\/span><\/p>\n","protected":false},"author":3,"featured_media":6012,"comment_status":"closed","ping_status":"closed","sticky":false,"template":"","format":"standard","meta":{"ngg_post_thumbnail":0,"_jetpack_newsletter_access":"","_jetpack_dont_email_post_to_subs":false,"_jetpack_newsletter_tier_id":0,"_jetpack_memberships_contains_paywalled_content":false,"_jetpack_memberships_contains_paid_content":false,"footnotes":""},"categories":[14,42],"tags":[63,73,55,113],"class_list":{"0":"entry","1":"post","2":"publish","3":"author-cglaser","4":"post-7029","6":"format-standard","7":"has-post-thumbnail","8":"category-events","9":"category-news","10":"post_tag-chor","11":"post_tag-kirchenchor","12":"post_tag-kirchenmusik","13":"post_tag-musik"},"jetpack_featured_media_url":"https:\/\/i0.wp.com\/kirche-hilsbach-weiler.de\/hw\/wp-content\/uploads\/2017\/11\/KirchenchorHilsbach-e1511030468365.jpeg?fit=350%2C235&ssl=1","jetpack_shortlink":"https:\/\/wp.me\/p4vBdR-1Pn","jetpack_likes_enabled":false,"jetpack-related-posts":[{"id":11312,"url":"https:\/\/kirche-hilsbach-weiler.de\/hw\/?p=11312","url_meta":{"origin":7029,"position":0},"title":"Konzert des Evangelischen Kirchenchors Hilsbach","author":"Carsten Glaser","date":"24. Oktober 2024","format":false,"excerpt":"Am Sonntag, 3. November 2024 um 18.00 Uhr l\u00e4dt der Evangelische Kirchenchor Hilsbach zu seinem Konzert anl\u00e4sslich des Reformationsfestes in die Evangelische Michaelskirche Hilsbach ein. Zur Auff\u00fchrung kommen neue geistliche Lieder. Als Instrumentalisten sind Felicitas Pletsch an der Querfl\u00f6te und Uli Wunsch am Klavier zu h\u00f6ren. Die Leitung hat Sabrina\u2026","rel":"","context":"In &quot;Events&quot;","block_context":{"text":"Events","link":"https:\/\/kirche-hilsbach-weiler.de\/hw\/?cat=14"},"img":{"alt_text":"","src":"https:\/\/i0.wp.com\/kirche-hilsbach-weiler.de\/hw\/wp-content\/uploads\/2024\/10\/KirchenchorHilsbach2024.jpg?fit=848%2C1200&ssl=1&resize=350%2C200","width":350,"height":200,"srcset":"https:\/\/i0.wp.com\/kirche-hilsbach-weiler.de\/hw\/wp-content\/uploads\/2024\/10\/KirchenchorHilsbach2024.jpg?fit=848%2C1200&ssl=1&resize=350%2C200 1x, https:\/\/i0.wp.com\/kirche-hilsbach-weiler.de\/hw\/wp-content\/uploads\/2024\/10\/KirchenchorHilsbach2024.jpg?fit=848%2C1200&ssl=1&resize=525%2C300 1.5x, https:\/\/i0.wp.com\/kirche-hilsbach-weiler.de\/hw\/wp-content\/uploads\/2024\/10\/KirchenchorHilsbach2024.jpg?fit=848%2C1200&ssl=1&resize=700%2C400 2x"},"classes":[]},{"id":4298,"url":"https:\/\/kirche-hilsbach-weiler.de\/hw\/?p=4298","url_meta":{"origin":7029,"position":1},"title":"Reformation R\u00fcckblick","author":"Administrator","date":"4. November 2015","format":false,"excerpt":"Anl\u00e4sslich des diesj\u00e4hrigen Reformationsfestes veranstaltete der evangelische Kirchenchor Hilsbach ein Konzert: \"Es wollt uns Gott gen\u00e4dig sein!\" - Und das war er auch! In nur 7 Wochen durfte sich unser Kirchenchor Hilsbach auf die Kantate von Georg Philipp Telemann einstimmen. Befl\u00fcgelt wurden die S\u00e4ngerinnen und S\u00e4nger von Solisten und Instrumentalisten\u2026","rel":"","context":"In &quot;Events&quot;","block_context":{"text":"Events","link":"https:\/\/kirche-hilsbach-weiler.de\/hw\/?cat=14"},"img":{"alt_text":"","src":"https:\/\/i0.wp.com\/kirche-hilsbach-weiler.de\/hw\/wp-content\/uploads\/2015\/11\/DSC_3789-e1446659081683.jpg?fit=600%2C400&ssl=1&resize=350%2C200","width":350,"height":200,"srcset":"https:\/\/i0.wp.com\/kirche-hilsbach-weiler.de\/hw\/wp-content\/uploads\/2015\/11\/DSC_3789-e1446659081683.jpg?fit=600%2C400&ssl=1&resize=350%2C200 1x, https:\/\/i0.wp.com\/kirche-hilsbach-weiler.de\/hw\/wp-content\/uploads\/2015\/11\/DSC_3789-e1446659081683.jpg?fit=600%2C400&ssl=1&resize=525%2C300 1.5x"},"classes":[]},{"id":10942,"url":"https:\/\/kirche-hilsbach-weiler.de\/hw\/?p=10942","url_meta":{"origin":7029,"position":2},"title":"Konzert in Hilsbach","author":"Carsten Glaser","date":"29. Oktober 2023","format":false,"excerpt":"Konzert des Evangelischen Kirchenchores Hilsbach Am Sonntag, 5. November 2023 um 18.00 Uhr l\u00e4dt der Evangelische Kirchenchor Hilsbach zu seinem Konzert anl\u00e4sslich des Reformationsfestes in die Evangelische Kirche Hilsbach ein. Zur Auff\u00fchrung kommen alte und neue geistliche Lieder aus verschiedenen Epochen. Als Instrumentalisten sind Katja Prischmann-Zima an der Oboe und\u2026","rel":"","context":"In &quot;Events&quot;","block_context":{"text":"Events","link":"https:\/\/kirche-hilsbach-weiler.de\/hw\/?cat=14"},"img":{"alt_text":"","src":"https:\/\/i0.wp.com\/kirche-hilsbach-weiler.de\/hw\/wp-content\/uploads\/2023\/10\/Konzert-Kirchenchor-Hilsbach-2023-11-05.jpg?fit=672%2C928&ssl=1&resize=350%2C200","width":350,"height":200,"srcset":"https:\/\/i0.wp.com\/kirche-hilsbach-weiler.de\/hw\/wp-content\/uploads\/2023\/10\/Konzert-Kirchenchor-Hilsbach-2023-11-05.jpg?fit=672%2C928&ssl=1&resize=350%2C200 1x, https:\/\/i0.wp.com\/kirche-hilsbach-weiler.de\/hw\/wp-content\/uploads\/2023\/10\/Konzert-Kirchenchor-Hilsbach-2023-11-05.jpg?fit=672%2C928&ssl=1&resize=525%2C300 1.5x"},"classes":[]},{"id":7571,"url":"https:\/\/kirche-hilsbach-weiler.de\/hw\/?p=7571","url_meta":{"origin":7029,"position":3},"title":"Konzert Kirchenchor Hilsbach","author":"Carsten Glaser","date":"25. Oktober 2019","format":false,"excerpt":"Am Sonntag, 3. November 2019, um 18.00 Uhr l\u00e4dt der evangelische Kirchenchor Hilsbach zu einem Konzert anl\u00e4sslich des Reformationsfestes in die evangelische Michaelskirche Hilsbach ein. Zusammen mit den Solisten Sophie-Louise Stengel (Sopran) und Marc Hagmaier (Bass) sowie Instrumentalisten werden Kantaten aus der Barockzeit aufgef\u00fchrt. Unter anderem das beliebte Vokalwerk \u201eAlles,\u2026","rel":"","context":"In &quot;Events&quot;","block_context":{"text":"Events","link":"https:\/\/kirche-hilsbach-weiler.de\/hw\/?cat=14"},"img":{"alt_text":"","src":"https:\/\/i0.wp.com\/kirche-hilsbach-weiler.de\/hw\/wp-content\/uploads\/2019\/10\/KirchenchorHilsbach2019.jpg?fit=848%2C1200&ssl=1&resize=350%2C200","width":350,"height":200,"srcset":"https:\/\/i0.wp.com\/kirche-hilsbach-weiler.de\/hw\/wp-content\/uploads\/2019\/10\/KirchenchorHilsbach2019.jpg?fit=848%2C1200&ssl=1&resize=350%2C200 1x, https:\/\/i0.wp.com\/kirche-hilsbach-weiler.de\/hw\/wp-content\/uploads\/2019\/10\/KirchenchorHilsbach2019.jpg?fit=848%2C1200&ssl=1&resize=525%2C300 1.5x, https:\/\/i0.wp.com\/kirche-hilsbach-weiler.de\/hw\/wp-content\/uploads\/2019\/10\/KirchenchorHilsbach2019.jpg?fit=848%2C1200&ssl=1&resize=700%2C400 2x"},"classes":[]},{"id":5852,"url":"https:\/\/kirche-hilsbach-weiler.de\/hw\/?p=5852","url_meta":{"origin":7029,"position":4},"title":"&#8211; KONZERT ZUR REFORMATION &#8211; Last Minute","author":"Administrator","date":"3. November 2017","format":false,"excerpt":"Konzert des Evangelischen Kirchenchors Hilsbach Am Sonntag, 5. November um 18.00h l\u00e4dt der evangelische Kirchenchor Hilsbach zu einem Konzert anl\u00e4sslich des Reformationsfestes in die evangelischen Kirche Hilsbach ein. Zusammen mit den Solisten Sophie-Louise Stengel (Sopran), Jasmin Joos (Alt) und Marc Hagmaier (Bass) sowie Instrumentalisten werden barocke Werke aufgef\u00fchrt. Unter anderem\u2026","rel":"","context":"In &quot;Events&quot;","block_context":{"text":"Events","link":"https:\/\/kirche-hilsbach-weiler.de\/hw\/?cat=14"},"img":{"alt_text":"","src":"https:\/\/i0.wp.com\/kirche-hilsbach-weiler.de\/hw\/wp-content\/uploads\/2017\/11\/Plakat_Reformation_2017_Hilsbach_korr2.jpg?fit=848%2C1200&ssl=1&resize=350%2C200","width":350,"height":200,"srcset":"https:\/\/i0.wp.com\/kirche-hilsbach-weiler.de\/hw\/wp-content\/uploads\/2017\/11\/Plakat_Reformation_2017_Hilsbach_korr2.jpg?fit=848%2C1200&ssl=1&resize=350%2C200 1x, https:\/\/i0.wp.com\/kirche-hilsbach-weiler.de\/hw\/wp-content\/uploads\/2017\/11\/Plakat_Reformation_2017_Hilsbach_korr2.jpg?fit=848%2C1200&ssl=1&resize=525%2C300 1.5x, https:\/\/i0.wp.com\/kirche-hilsbach-weiler.de\/hw\/wp-content\/uploads\/2017\/11\/Plakat_Reformation_2017_Hilsbach_korr2.jpg?fit=848%2C1200&ssl=1&resize=700%2C400 2x"},"classes":[]},{"id":3155,"url":"https:\/\/kirche-hilsbach-weiler.de\/hw\/?p=3155","url_meta":{"origin":7029,"position":5},"title":"Konzert des evangelischen Kirchenchors Hilsbach","author":"Administrator","date":"23. Oktober 2014","format":false,"excerpt":"Am Sonntag, 2. November um 19 Uhr, l\u00e4dt der evangelische Kirchenchor Hilsbach mit seinen Projekts\u00e4ngerinnen und -s\u00e4ngern zu einem Konzert anl\u00e4sslich des Reformationsfestes ein. Das Konzert wird unter der Leitung von Sabrina Keller in der evangelischen Kirche Hilsbach stattfinden. Zusammen mit Instrumentalisten des Ensemble Cantico werden die Kantate \"Alles was\u2026","rel":"","context":"In &quot;News&quot;","block_context":{"text":"News","link":"https:\/\/kirche-hilsbach-weiler.de\/hw\/?cat=42"},"img":{"alt_text":"","src":"https:\/\/i0.wp.com\/kirche-hilsbach-weiler.de\/hw\/wp-content\/uploads\/2014\/07\/Konzert-zur-Reformation-Hilsbach-Kopie.jpg?fit=845%2C1200&ssl=1&resize=350%2C200","width":350,"height":200,"srcset":"https:\/\/i0.wp.com\/kirche-hilsbach-weiler.de\/hw\/wp-content\/uploads\/2014\/07\/Konzert-zur-Reformation-Hilsbach-Kopie.jpg?fit=845%2C1200&ssl=1&resize=350%2C200 1x, https:\/\/i0.wp.com\/kirche-hilsbach-weiler.de\/hw\/wp-content\/uploads\/2014\/07\/Konzert-zur-Reformation-Hilsbach-Kopie.jpg?fit=845%2C1200&ssl=1&resize=525%2C300 1.5x, https:\/\/i0.wp.com\/kirche-hilsbach-weiler.de\/hw\/wp-content\/uploads\/2014\/07\/Konzert-zur-Reformation-Hilsbach-Kopie.jpg?fit=845%2C1200&ssl=1&resize=700%2C400 2x"},"classes":[]}],"jetpack_sharing_enabled":true,"_links":{"self":[{"href":"https:\/\/kirche-hilsbach-weiler.de\/hw\/index.php?rest_route=\/wp\/v2\/posts\/7029","targetHints":{"allow":["GET"]}}],"collection":[{"href":"https:\/\/kirche-hilsbach-weiler.de\/hw\/index.php?rest_route=\/wp\/v2\/posts"}],"about":[{"href":"https:\/\/kirche-hilsbach-weiler.de\/hw\/index.php?rest_route=\/wp\/v2\/types\/post"}],"author":[{"embeddable":true,"href":"https:\/\/kirche-hilsbach-weiler.de\/hw\/index.php?rest_route=\/wp\/v2\/users\/3"}],"replies":[{"embeddable":true,"href":"https:\/\/kirche-hilsbach-weiler.de\/hw\/index.php?rest_route=%2Fwp%2Fv2%2Fcomments&post=7029"}],"version-history":[{"count":0,"href":"https:\/\/kirche-hilsbach-weiler.de\/hw\/index.php?rest_route=\/wp\/v2\/posts\/7029\/revisions"}],"wp:featuredmedia":[{"embeddable":true,"href":"https:\/\/kirche-hilsbach-weiler.de\/hw\/index.php?rest_route=\/wp\/v2\/media\/6012"}],"wp:attachment":[{"href":"https:\/\/kirche-hilsbach-weiler.de\/hw\/index.php?rest_route=%2Fwp%2Fv2%2Fmedia&parent=7029"}],"wp:term":[{"taxonomy":"category","embeddable":true,"href":"https:\/\/kirche-hilsbach-weiler.de\/hw\/index.php?rest_route=%2Fwp%2Fv2%2Fcategories&post=7029"},{"taxonomy":"post_tag","embeddable":true,"href":"https:\/\/kirche-hilsbach-weiler.de\/hw\/index.php?rest_route=%2Fwp%2Fv2%2Ftags&post=7029"}],"curies":[{"name":"wp","href":"https:\/\/api.w.org\/{rel}","templated":true}]}}