{"id":7121,"date":"2018-12-12T21:28:16","date_gmt":"2018-12-12T20:28:16","guid":{"rendered":"https:\/\/kirche-hilsbach-weiler.de\/hw\/?p=7121"},"modified":"2018-12-13T18:19:24","modified_gmt":"2018-12-13T17:19:24","slug":"geistliche-abendmusik-am-4-advent","status":"publish","type":"post","link":"https:\/\/kirche-hilsbach-weiler.de\/hw\/?p=7121","title":{"rendered":"Geistliche Abendmusik am 4. Advent"},"content":{"rendered":"<p><img data-recalc-dims=\"1\" loading=\"lazy\" decoding=\"async\" data-attachment-id=\"4405\" data-permalink=\"https:\/\/kirche-hilsbach-weiler.de\/hw\/?attachment_id=4405\" data-orig-file=\"https:\/\/i0.wp.com\/kirche-hilsbach-weiler.de\/hw\/wp-content\/uploads\/2015\/12\/Kirchenchor-WEiler-Abendmusik.jpg?fit=448%2C324&amp;ssl=1\" data-orig-size=\"448,324\" data-comments-opened=\"0\" data-image-meta=\"{&quot;aperture&quot;:&quot;2.8&quot;,&quot;credit&quot;:&quot;&quot;,&quot;camera&quot;:&quot;DMC-FZ100&quot;,&quot;caption&quot;:&quot;&quot;,&quot;created_timestamp&quot;:&quot;1419191600&quot;,&quot;copyright&quot;:&quot;&quot;,&quot;focal_length&quot;:&quot;4.5&quot;,&quot;iso&quot;:&quot;800&quot;,&quot;shutter_speed&quot;:&quot;0.0769230769231&quot;,&quot;title&quot;:&quot;&quot;,&quot;orientation&quot;:&quot;1&quot;}\" data-image-title=\"Kirchenchor WEiler Abendmusik\" data-image-description=\"\" data-image-caption=\"\" data-large-file=\"https:\/\/i0.wp.com\/kirche-hilsbach-weiler.de\/hw\/wp-content\/uploads\/2015\/12\/Kirchenchor-WEiler-Abendmusik.jpg?fit=448%2C324&amp;ssl=1\" class=\"size-medium wp-image-4405 alignnone\" src=\"https:\/\/i0.wp.com\/kirche-hilsbach-weiler.de\/hw\/wp-content\/uploads\/2015\/12\/Kirchenchor-WEiler-Abendmusik.jpg?resize=300%2C217&#038;ssl=1\" alt=\"\" width=\"300\" height=\"217\" srcset=\"https:\/\/i0.wp.com\/kirche-hilsbach-weiler.de\/hw\/wp-content\/uploads\/2015\/12\/Kirchenchor-WEiler-Abendmusik.jpg?resize=300%2C217&amp;ssl=1 300w, https:\/\/i0.wp.com\/kirche-hilsbach-weiler.de\/hw\/wp-content\/uploads\/2015\/12\/Kirchenchor-WEiler-Abendmusik.jpg?w=448&amp;ssl=1 448w\" sizes=\"auto, (max-width: 300px) 100vw, 300px\" \/><\/p>\n<p>Am 4. Adventssonntag l\u00e4dt der evangelische Kirchenchor Weiler zur Geistlichen Abendmusik im Advent ein. Gemeinsam m\u00f6chten wir eine besinnliche Stunde feiern, in der wir bekannte Lieder singen, Chorbeitr\u00e4gen lauschen und uns durch Lesungen einstimmen und bereit machen auf das bevorstehende Weihnachtsfest. Gemeinsam mit dem Kirchenchor musiziert das Fl\u00f6tenensemble der Stadtkirche Sinsheim. Orgel und musikalische Leitung liegen bei Peter Laue.<\/p>\n<p>Die Geistliche Abendmusik beginnt um 19:30 Uhr.<\/p>\n<p>Im Anschluss wird wieder zum geselligen Bleiben bei Gl\u00fchwein, Punsch und Leckereien eingeladen.<\/p>\n<p>4. Advent \u2013 23. Dezember \u2013 19:30 Uhr \u2013 in der evangelischen Kirche in Weiler.<\/p>\n<p><img data-recalc-dims=\"1\" loading=\"lazy\" decoding=\"async\" data-attachment-id=\"7124\" data-permalink=\"https:\/\/kirche-hilsbach-weiler.de\/hw\/?attachment_id=7124\" data-orig-file=\"https:\/\/i0.wp.com\/kirche-hilsbach-weiler.de\/hw\/wp-content\/uploads\/2018\/12\/plakat_2018.jpg?fit=1240%2C1754&amp;ssl=1\" data-orig-size=\"1240,1754\" data-comments-opened=\"0\" data-image-meta=\"{&quot;aperture&quot;:&quot;0&quot;,&quot;credit&quot;:&quot;&quot;,&quot;camera&quot;:&quot;&quot;,&quot;caption&quot;:&quot;&quot;,&quot;created_timestamp&quot;:&quot;0&quot;,&quot;copyright&quot;:&quot;&quot;,&quot;focal_length&quot;:&quot;0&quot;,&quot;iso&quot;:&quot;0&quot;,&quot;shutter_speed&quot;:&quot;0&quot;,&quot;title&quot;:&quot;&quot;,&quot;orientation&quot;:&quot;0&quot;}\" data-image-title=\"plakat_2018\" data-image-description=\"\" data-image-caption=\"\" data-large-file=\"https:\/\/i0.wp.com\/kirche-hilsbach-weiler.de\/hw\/wp-content\/uploads\/2018\/12\/plakat_2018.jpg?fit=700%2C990&amp;ssl=1\" class=\"alignleft size-medium wp-image-7124\" src=\"https:\/\/i0.wp.com\/kirche-hilsbach-weiler.de\/hw\/wp-content\/uploads\/2018\/12\/plakat_2018.jpg?resize=212%2C300&#038;ssl=1\" alt=\"\" width=\"212\" height=\"300\" srcset=\"https:\/\/i0.wp.com\/kirche-hilsbach-weiler.de\/hw\/wp-content\/uploads\/2018\/12\/plakat_2018.jpg?resize=212%2C300&amp;ssl=1 212w, https:\/\/i0.wp.com\/kirche-hilsbach-weiler.de\/hw\/wp-content\/uploads\/2018\/12\/plakat_2018.jpg?resize=768%2C1086&amp;ssl=1 768w, https:\/\/i0.wp.com\/kirche-hilsbach-weiler.de\/hw\/wp-content\/uploads\/2018\/12\/plakat_2018.jpg?resize=724%2C1024&amp;ssl=1 724w, https:\/\/i0.wp.com\/kirche-hilsbach-weiler.de\/hw\/wp-content\/uploads\/2018\/12\/plakat_2018.jpg?w=1240&amp;ssl=1 1240w\" sizes=\"auto, (max-width: 212px) 100vw, 212px\" \/><\/p>\n","protected":false},"excerpt":{"rendered":"<p>Am 4. Adventssonntag l\u00e4dt der evangelische Kirchenchor Weiler zur Geistlichen Abendmusik im Advent ein. Gemeinsam m\u00f6chten wir eine besinnliche Stunde feiern, in der wir bekannte Lieder singen, Chorbeitr\u00e4gen lauschen und uns durch Lesungen einstimmen und bereit machen auf das bevorstehende Weihnachtsfest. Gemeinsam mit dem Kirchenchor musiziert das Fl\u00f6tenensemble der Stadtkirche Sinsheim. Orgel und musikalische Leitung &#8230; <span class=\"more\"><a class=\"more-link\" href=\"https:\/\/kirche-hilsbach-weiler.de\/hw\/?p=7121\">[Weiter&#8230;]<\/a><\/span><\/p>\n","protected":false},"author":3,"featured_media":4405,"comment_status":"closed","ping_status":"closed","sticky":false,"template":"","format":"standard","meta":{"ngg_post_thumbnail":0,"_jetpack_newsletter_access":"","_jetpack_dont_email_post_to_subs":false,"_jetpack_newsletter_tier_id":0,"_jetpack_memberships_contains_paywalled_content":false,"_jetpack_memberships_contains_paid_content":false,"footnotes":""},"categories":[14,42],"tags":[119,63,73,55,113],"class_list":{"0":"entry","1":"post","2":"publish","3":"author-cglaser","4":"post-7121","6":"format-standard","7":"has-post-thumbnail","8":"category-events","9":"category-news","10":"post_tag-advent","11":"post_tag-chor","12":"post_tag-kirchenchor","13":"post_tag-kirchenmusik","14":"post_tag-musik"},"jetpack_featured_media_url":"https:\/\/i0.wp.com\/kirche-hilsbach-weiler.de\/hw\/wp-content\/uploads\/2015\/12\/Kirchenchor-WEiler-Abendmusik.jpg?fit=448%2C324&ssl=1","jetpack_shortlink":"https:\/\/wp.me\/p4vBdR-1QR","jetpack_likes_enabled":false,"jetpack-related-posts":[{"id":11002,"url":"https:\/\/kirche-hilsbach-weiler.de\/hw\/?p=11002","url_meta":{"origin":7121,"position":0},"title":"Geistliche Abendmusik","author":"Carsten Glaser","date":"26. November 2023","format":false,"excerpt":"Am Samstag, 16.12.2023 l\u00e4dt der evangelische Kirchenchor Weiler zur Geistlichen Abendmusik im Advent ein. Gemeinsam m\u00f6chten wir eine besinnliche Stunde feiern, in der wir bekannte Lieder singen, Chorbeitr\u00e4gen lauschen und uns durch Lesungen einstimmen und bereit machen auf das bevorstehende Weihnachtsfest. Gemeinsam mit dem Kirchenchor musiziert das Fl\u00f6tenensemble der Stadtkirche\u2026","rel":"","context":"In &quot;Events&quot;","block_context":{"text":"Events","link":"https:\/\/kirche-hilsbach-weiler.de\/hw\/?cat=14"},"img":{"alt_text":"","src":"https:\/\/i0.wp.com\/kirche-hilsbach-weiler.de\/hw\/wp-content\/uploads\/2023\/11\/Adventsmusik-2023_ekcw.jpg?fit=619%2C876&ssl=1&resize=350%2C200","width":350,"height":200,"srcset":"https:\/\/i0.wp.com\/kirche-hilsbach-weiler.de\/hw\/wp-content\/uploads\/2023\/11\/Adventsmusik-2023_ekcw.jpg?fit=619%2C876&ssl=1&resize=350%2C200 1x, https:\/\/i0.wp.com\/kirche-hilsbach-weiler.de\/hw\/wp-content\/uploads\/2023\/11\/Adventsmusik-2023_ekcw.jpg?fit=619%2C876&ssl=1&resize=525%2C300 1.5x"},"classes":[]},{"id":11396,"url":"https:\/\/kirche-hilsbach-weiler.de\/hw\/?p=11396","url_meta":{"origin":7121,"position":1},"title":"Geistliche Abendmusik","author":"Carsten Glaser","date":"11. Dezember 2024","format":false,"excerpt":"Am 4. Adventssonntag, 22.12.2024 um 17 Uhr l\u00e4dt der evangelische Kirchenchor Weiler zur Geistlichen Abendmusik im Advent in die Evangelische Kirche Weiler ein: \"Gemeinsam m\u00f6chten wir eine besinnliche Stunde feiern, in der wir bekannte Lieder singen, Chorbeitr\u00e4gen lauschen und uns durch Lesungen einstimmen und bereit machen auf das bevorstehende Weihnachtsfest.\"\u2026","rel":"","context":"In &quot;Events&quot;","block_context":{"text":"Events","link":"https:\/\/kirche-hilsbach-weiler.de\/hw\/?cat=14"},"img":{"alt_text":"","src":"https:\/\/i0.wp.com\/kirche-hilsbach-weiler.de\/hw\/wp-content\/uploads\/2024\/12\/Kirchenchor-Weiler-plakat_2024.jpg?fit=794%2C1123&ssl=1&resize=350%2C200","width":350,"height":200,"srcset":"https:\/\/i0.wp.com\/kirche-hilsbach-weiler.de\/hw\/wp-content\/uploads\/2024\/12\/Kirchenchor-Weiler-plakat_2024.jpg?fit=794%2C1123&ssl=1&resize=350%2C200 1x, https:\/\/i0.wp.com\/kirche-hilsbach-weiler.de\/hw\/wp-content\/uploads\/2024\/12\/Kirchenchor-Weiler-plakat_2024.jpg?fit=794%2C1123&ssl=1&resize=525%2C300 1.5x, https:\/\/i0.wp.com\/kirche-hilsbach-weiler.de\/hw\/wp-content\/uploads\/2024\/12\/Kirchenchor-Weiler-plakat_2024.jpg?fit=794%2C1123&ssl=1&resize=700%2C400 2x"},"classes":[]},{"id":3293,"url":"https:\/\/kirche-hilsbach-weiler.de\/hw\/?p=3293","url_meta":{"origin":7121,"position":2},"title":"Besinnliche Abendmusik am 4. Advent in Weiler","author":"Administrator","date":"9. Dezember 2014","format":false,"excerpt":"Weihnachtliche Lieder und Fl\u00f6tenmusik Am Sonntag, den 21. Dezember 2014 um 19.30 Uhr l\u00e4dt der Evangelische Kirchenchor Weiler zu seiner geistlichen Abendmusik zur Advents- und Weihnachtszeit ein. Mit Chormusik, gemeinsamem Singen und besinnlichen Texten k\u00f6nnen Sie sich wunderbar auf das bevorstehende Weihnachtsfest einstimmen. Auch das Sinsheimer Fl\u00f6tenensemble wird mit seiner\u2026","rel":"","context":"In &quot;News&quot;","block_context":{"text":"News","link":"https:\/\/kirche-hilsbach-weiler.de\/hw\/?cat=42"},"img":{"alt_text":"","src":"","width":0,"height":0},"classes":[]},{"id":11743,"url":"https:\/\/kirche-hilsbach-weiler.de\/hw\/?p=11743","url_meta":{"origin":7121,"position":3},"title":"Geistliche Abendmusik","author":"Carsten Glaser","date":"14. Dezember 2025","format":false,"excerpt":"Am 4. Advent l\u00e4dt der Evangelische Kirchenchor zu einer Stunde geistlicher Abendmusik um 17 Uhr in die Evangelische Kirche in Weiler ein. Hier k\u00f6nnen die Besucher zur Ruhe kommen, adventlicher Chormusik lauschen, besinnlichen Gedanken nachsp\u00fcren und selbst vertraute Adventslieder mitsingen. Mit dem Kirchenchor musiziert das Fl\u00f6tenensemble der Stadtkirche Sinsheim unter\u2026","rel":"","context":"In &quot;Events&quot;","block_context":{"text":"Events","link":"https:\/\/kirche-hilsbach-weiler.de\/hw\/?cat=14"},"img":{"alt_text":"","src":"https:\/\/i0.wp.com\/kirche-hilsbach-weiler.de\/hw\/wp-content\/uploads\/2023\/11\/Adventsmusik-2023_ekcw.jpg?fit=619%2C876&ssl=1&resize=350%2C200","width":350,"height":200,"srcset":"https:\/\/i0.wp.com\/kirche-hilsbach-weiler.de\/hw\/wp-content\/uploads\/2023\/11\/Adventsmusik-2023_ekcw.jpg?fit=619%2C876&ssl=1&resize=350%2C200 1x, https:\/\/i0.wp.com\/kirche-hilsbach-weiler.de\/hw\/wp-content\/uploads\/2023\/11\/Adventsmusik-2023_ekcw.jpg?fit=619%2C876&ssl=1&resize=525%2C300 1.5x"},"classes":[]},{"id":6354,"url":"https:\/\/kirche-hilsbach-weiler.de\/hw\/?p=6354","url_meta":{"origin":7121,"position":4},"title":"Geistliche Abendmusik zum Advent","author":"Carsten Glaser","date":"10. Dezember 2017","format":false,"excerpt":"\u00a0 Am Abend des 3. Advents, dem 17.12.2017 um 19:30 Uhr, l\u00e4dt der Evangelische Kirchenchor Weiler zu einer Stunde geistlicher Abendmusik ein. In der Evangelischen Kirche in Weiler k\u00f6nnen die Besucher zur Ruhe kommen, adventlicher Chormusik lauschen, besinnlichen Gedanken nachsp\u00fcren und selbst vertraute Adventslieder mitsingen. Mit dem Kirchenchor musizieren das\u2026","rel":"","context":"In &quot;Events&quot;","block_context":{"text":"Events","link":"https:\/\/kirche-hilsbach-weiler.de\/hw\/?cat=14"},"img":{"alt_text":"","src":"https:\/\/i0.wp.com\/kirche-hilsbach-weiler.de\/hw\/wp-content\/uploads\/2017\/12\/Adventsmusik.jpg?fit=1200%2C675&ssl=1&resize=350%2C200","width":350,"height":200,"srcset":"https:\/\/i0.wp.com\/kirche-hilsbach-weiler.de\/hw\/wp-content\/uploads\/2017\/12\/Adventsmusik.jpg?fit=1200%2C675&ssl=1&resize=350%2C200 1x, https:\/\/i0.wp.com\/kirche-hilsbach-weiler.de\/hw\/wp-content\/uploads\/2017\/12\/Adventsmusik.jpg?fit=1200%2C675&ssl=1&resize=525%2C300 1.5x, https:\/\/i0.wp.com\/kirche-hilsbach-weiler.de\/hw\/wp-content\/uploads\/2017\/12\/Adventsmusik.jpg?fit=1200%2C675&ssl=1&resize=700%2C400 2x, https:\/\/i0.wp.com\/kirche-hilsbach-weiler.de\/hw\/wp-content\/uploads\/2017\/12\/Adventsmusik.jpg?fit=1200%2C675&ssl=1&resize=1050%2C600 3x"},"classes":[]},{"id":10994,"url":"https:\/\/kirche-hilsbach-weiler.de\/hw\/?p=10994","url_meta":{"origin":7121,"position":5},"title":"Advent! Jesus kommt.","author":"Carsten Glaser","date":"28. November 2023","format":false,"excerpt":"Daran wollen wir auch in unserer Gemeinde denken. Unsere Veranstaltungen dieses Jahr: Samstag, 02.12.2023 ab 15 Uhr Weihnachtsmarkt Weiler (mit Verkaufsstand unserer Kirchengemeinde) Sonntag, 03.12.2023 10 Uhr Gottesdienst zum 1. Advent in der Ev. Michaelskirche Hilsbach mit Pfarrer Markus Printz Sonntag, 10.12.2023 10 Uhr Gottesdienst zum 2. Advent in der\u2026","rel":"","context":"In &quot;Events&quot;","block_context":{"text":"Events","link":"https:\/\/kirche-hilsbach-weiler.de\/hw\/?cat=14"},"img":{"alt_text":"","src":"https:\/\/i0.wp.com\/kirche-hilsbach-weiler.de\/hw\/wp-content\/uploads\/2023\/11\/candles-1518932_1280.jpg?fit=1200%2C800&ssl=1&resize=350%2C200","width":350,"height":200,"srcset":"https:\/\/i0.wp.com\/kirche-hilsbach-weiler.de\/hw\/wp-content\/uploads\/2023\/11\/candles-1518932_1280.jpg?fit=1200%2C800&ssl=1&resize=350%2C200 1x, https:\/\/i0.wp.com\/kirche-hilsbach-weiler.de\/hw\/wp-content\/uploads\/2023\/11\/candles-1518932_1280.jpg?fit=1200%2C800&ssl=1&resize=525%2C300 1.5x, https:\/\/i0.wp.com\/kirche-hilsbach-weiler.de\/hw\/wp-content\/uploads\/2023\/11\/candles-1518932_1280.jpg?fit=1200%2C800&ssl=1&resize=700%2C400 2x, https:\/\/i0.wp.com\/kirche-hilsbach-weiler.de\/hw\/wp-content\/uploads\/2023\/11\/candles-1518932_1280.jpg?fit=1200%2C800&ssl=1&resize=1050%2C600 3x"},"classes":[]}],"jetpack_sharing_enabled":true,"_links":{"self":[{"href":"https:\/\/kirche-hilsbach-weiler.de\/hw\/index.php?rest_route=\/wp\/v2\/posts\/7121","targetHints":{"allow":["GET"]}}],"collection":[{"href":"https:\/\/kirche-hilsbach-weiler.de\/hw\/index.php?rest_route=\/wp\/v2\/posts"}],"about":[{"href":"https:\/\/kirche-hilsbach-weiler.de\/hw\/index.php?rest_route=\/wp\/v2\/types\/post"}],"author":[{"embeddable":true,"href":"https:\/\/kirche-hilsbach-weiler.de\/hw\/index.php?rest_route=\/wp\/v2\/users\/3"}],"replies":[{"embeddable":true,"href":"https:\/\/kirche-hilsbach-weiler.de\/hw\/index.php?rest_route=%2Fwp%2Fv2%2Fcomments&post=7121"}],"version-history":[{"count":0,"href":"https:\/\/kirche-hilsbach-weiler.de\/hw\/index.php?rest_route=\/wp\/v2\/posts\/7121\/revisions"}],"wp:featuredmedia":[{"embeddable":true,"href":"https:\/\/kirche-hilsbach-weiler.de\/hw\/index.php?rest_route=\/wp\/v2\/media\/4405"}],"wp:attachment":[{"href":"https:\/\/kirche-hilsbach-weiler.de\/hw\/index.php?rest_route=%2Fwp%2Fv2%2Fmedia&parent=7121"}],"wp:term":[{"taxonomy":"category","embeddable":true,"href":"https:\/\/kirche-hilsbach-weiler.de\/hw\/index.php?rest_route=%2Fwp%2Fv2%2Fcategories&post=7121"},{"taxonomy":"post_tag","embeddable":true,"href":"https:\/\/kirche-hilsbach-weiler.de\/hw\/index.php?rest_route=%2Fwp%2Fv2%2Ftags&post=7121"}],"curies":[{"name":"wp","href":"https:\/\/api.w.org\/{rel}","templated":true}]}}