{"id":7846,"date":"2020-02-25T08:57:56","date_gmt":"2020-02-25T07:57:56","guid":{"rendered":"https:\/\/kirche-hilsbach-weiler.de\/hw\/?p=7846"},"modified":"2020-02-25T09:03:43","modified_gmt":"2020-02-25T08:03:43","slug":"neuzugezogen","status":"publish","type":"post","link":"https:\/\/kirche-hilsbach-weiler.de\/hw\/?p=7846","title":{"rendered":"Neuzugezogen?"},"content":{"rendered":"<p><a href=\"https:\/\/i0.wp.com\/kirche-hilsbach-weiler.de\/hw\/wp-content\/uploads\/2020\/02\/move-2481718_1920.jpg?ssl=1\" data-src=\"https:\/\/kirche-hilsbach-weiler.de\/hw\/wp-content\/uploads\/2020\/02\/move-2481718_1920.jpg\" data-thumb=\"https:\/\/kirche-hilsbach-weiler.de\/hw\/wp-content\/uploads\/2020\/02\/move-2481718_1920-300x196.jpg\" class=\"ml-lightbox-enabled\"><img data-recalc-dims=\"1\" loading=\"lazy\" decoding=\"async\" data-attachment-id=\"7849\" data-permalink=\"https:\/\/kirche-hilsbach-weiler.de\/hw\/?attachment_id=7849\" data-orig-file=\"https:\/\/i0.wp.com\/kirche-hilsbach-weiler.de\/hw\/wp-content\/uploads\/2020\/02\/move-2481718_1920.jpg?fit=1920%2C1252&amp;ssl=1\" data-orig-size=\"1920,1252\" data-comments-opened=\"0\" data-image-meta=\"{&quot;aperture&quot;:&quot;0&quot;,&quot;credit&quot;:&quot;&quot;,&quot;camera&quot;:&quot;&quot;,&quot;caption&quot;:&quot;&quot;,&quot;created_timestamp&quot;:&quot;0&quot;,&quot;copyright&quot;:&quot;&quot;,&quot;focal_length&quot;:&quot;0&quot;,&quot;iso&quot;:&quot;0&quot;,&quot;shutter_speed&quot;:&quot;0&quot;,&quot;title&quot;:&quot;&quot;,&quot;orientation&quot;:&quot;0&quot;}\" data-image-title=\"move-2481718_1920\" data-image-description=\"\" data-image-caption=\"\" data-large-file=\"https:\/\/i0.wp.com\/kirche-hilsbach-weiler.de\/hw\/wp-content\/uploads\/2020\/02\/move-2481718_1920.jpg?fit=700%2C457&amp;ssl=1\" class=\"alignnone size-medium wp-image-7849\" src=\"https:\/\/i0.wp.com\/kirche-hilsbach-weiler.de\/hw\/wp-content\/uploads\/2020\/02\/move-2481718_1920.jpg?resize=300%2C196&#038;ssl=1\" alt=\"\" width=\"300\" height=\"196\" srcset=\"https:\/\/i0.wp.com\/kirche-hilsbach-weiler.de\/hw\/wp-content\/uploads\/2020\/02\/move-2481718_1920.jpg?resize=300%2C196&amp;ssl=1 300w, https:\/\/i0.wp.com\/kirche-hilsbach-weiler.de\/hw\/wp-content\/uploads\/2020\/02\/move-2481718_1920.jpg?resize=1024%2C668&amp;ssl=1 1024w, https:\/\/i0.wp.com\/kirche-hilsbach-weiler.de\/hw\/wp-content\/uploads\/2020\/02\/move-2481718_1920.jpg?resize=768%2C501&amp;ssl=1 768w, https:\/\/i0.wp.com\/kirche-hilsbach-weiler.de\/hw\/wp-content\/uploads\/2020\/02\/move-2481718_1920.jpg?resize=1536%2C1002&amp;ssl=1 1536w, https:\/\/i0.wp.com\/kirche-hilsbach-weiler.de\/hw\/wp-content\/uploads\/2020\/02\/move-2481718_1920.jpg?w=1920&amp;ssl=1 1920w, https:\/\/i0.wp.com\/kirche-hilsbach-weiler.de\/hw\/wp-content\/uploads\/2020\/02\/move-2481718_1920.jpg?w=1400&amp;ssl=1 1400w\" sizes=\"auto, (max-width: 300px) 100vw, 300px\" \/><\/a><\/p>\n<p>Am Donnerstag, 5. M\u00e4rz trifft sich unser Team vom Neuzugezogenen-Besuchsdienst, um die evangelischen B\u00fcrgerinnen und B\u00fcrger, die im vergangenen Jahr neu nach Hilsbach und Weiler gezogen sind, mit einem kleinen Geschenk zu begr\u00fc\u00dfen. Wenn Sie zu den neuen Mitb\u00fcrgern z\u00e4hlen und auf gar keinen Fall besucht werden m\u00f6chten, dann schreiben Sie bitte eine kurze Mail an das Pfarramt (<a href=\"&#109;&#x61;&#105;&#x6c;t&#x6f;:&#112;&#x66;&#97;&#x72;r&#x61;m&#116;&#x40;&#107;&#x69;r&#x63;h&#101;&#x2d;&#104;&#x69;l&#x73;b&#97;&#x63;&#104;&#x2d;w&#x65;i&#108;&#x65;&#114;&#x2e;d&#x65;\">&#112;&#x66;&#x61;r&#114;&#x61;&#x6d;t&#64;&#x6b;i&#114;&#x63;&#x68;e&#45;&#x68;i&#108;&#x73;&#x62;a&#99;&#x68;&#x2d;&#119;&#x65;&#x69;l&#101;&#x72;&#x2e;d&#101;<\/a>) bis zum 4. M\u00e4rz, damit wir Ihren Wunsch respektieren k\u00f6nnen.<\/p>\n","protected":false},"excerpt":{"rendered":"<p>Am Donnerstag, 5. M\u00e4rz trifft sich unser Team vom Neuzugezogenen-Besuchsdienst, um die evangelischen B\u00fcrgerinnen und B\u00fcrger, die im vergangenen Jahr neu nach Hilsbach und Weiler gezogen sind, mit einem kleinen Geschenk zu begr\u00fc\u00dfen. Wenn Sie zu den neuen Mitb\u00fcrgern z\u00e4hlen und auf gar keinen Fall besucht werden m\u00f6chten, dann schreiben Sie bitte eine kurze Mail &#8230; <span class=\"more\"><a class=\"more-link\" href=\"https:\/\/kirche-hilsbach-weiler.de\/hw\/?p=7846\">[Weiter&#8230;]<\/a><\/span><\/p>\n","protected":false},"author":5,"featured_media":7849,"comment_status":"closed","ping_status":"closed","sticky":false,"template":"","format":"standard","meta":{"ngg_post_thumbnail":0,"_jetpack_newsletter_access":"","_jetpack_dont_email_post_to_subs":false,"_jetpack_newsletter_tier_id":0,"_jetpack_memberships_contains_paywalled_content":false,"_jetpack_memberships_contains_paid_content":false,"footnotes":""},"categories":[14,42],"tags":[219],"class_list":{"0":"entry","1":"post","2":"publish","3":"author-spickel","4":"post-7846","6":"format-standard","7":"has-post-thumbnail","8":"category-events","9":"category-news","10":"post_tag-besuchsdienst"},"jetpack_featured_media_url":"https:\/\/i0.wp.com\/kirche-hilsbach-weiler.de\/hw\/wp-content\/uploads\/2020\/02\/move-2481718_1920.jpg?fit=1920%2C1252&ssl=1","jetpack_shortlink":"https:\/\/wp.me\/p4vBdR-22y","jetpack_likes_enabled":false,"jetpack-related-posts":[{"id":11703,"url":"https:\/\/kirche-hilsbach-weiler.de\/hw\/?p=11703","url_meta":{"origin":7846,"position":0},"title":"Bekanntmachung zu den Kirchenwahlen","author":"Carsten Glaser","date":"12. November 2025","format":false,"excerpt":"Liebe Gemeindeglieder, die Wahl der Kirchen\u00e4ltesten findet in einer \u00f6ffentlichen Wahlversammlung statt. W\u00e4hlen kann jedes Gemeindeglied, das am Tage der Wahl das 14. Lebensjahr vollendet hat und im Wahlverzeichnis eingetragen ist. Hiermit l\u00e4dt der \u00c4ltestenkreis alle in das Wahlverzeichnis eingetragenen Gemeindeglieder zur Wahlversammlung ein. Die Wahlversammlung findet am 30. November\u2026","rel":"","context":"In &quot;Events&quot;","block_context":{"text":"Events","link":"https:\/\/kirche-hilsbach-weiler.de\/hw\/?cat=14"},"img":{"alt_text":"","src":"https:\/\/i0.wp.com\/kirche-hilsbach-weiler.de\/hw\/wp-content\/uploads\/2025\/11\/Infos-zu-den-Kirchenwahlen-am-1.-Advent.jpg?fit=1200%2C400&ssl=1&resize=350%2C200","width":350,"height":200,"srcset":"https:\/\/i0.wp.com\/kirche-hilsbach-weiler.de\/hw\/wp-content\/uploads\/2025\/11\/Infos-zu-den-Kirchenwahlen-am-1.-Advent.jpg?fit=1200%2C400&ssl=1&resize=350%2C200 1x, https:\/\/i0.wp.com\/kirche-hilsbach-weiler.de\/hw\/wp-content\/uploads\/2025\/11\/Infos-zu-den-Kirchenwahlen-am-1.-Advent.jpg?fit=1200%2C400&ssl=1&resize=525%2C300 1.5x, https:\/\/i0.wp.com\/kirche-hilsbach-weiler.de\/hw\/wp-content\/uploads\/2025\/11\/Infos-zu-den-Kirchenwahlen-am-1.-Advent.jpg?fit=1200%2C400&ssl=1&resize=700%2C400 2x, https:\/\/i0.wp.com\/kirche-hilsbach-weiler.de\/hw\/wp-content\/uploads\/2025\/11\/Infos-zu-den-Kirchenwahlen-am-1.-Advent.jpg?fit=1200%2C400&ssl=1&resize=1050%2C600 3x"},"classes":[]},{"id":5566,"url":"https:\/\/kirche-hilsbach-weiler.de\/hw\/?p=5566","url_meta":{"origin":7846,"position":1},"title":"R\u00e4umung Gemeindehaus","author":"Carsten Glaser","date":"19. Februar 2017","format":false,"excerpt":"Zur R\u00e4umung und \u00dcbergabe des Gemeindehauses Hilsbach an die K\u00e4ufer bis Ende M\u00e4rz wurden folgende Termine festgelegt: bis Freitag 10.3.2017: Vollst\u00e4ndiger Auszug aller Gruppen Samstag, 11.03.\/Sonntag, 12.3.2017: Flohmarkt im Gemeindehaus (alles was nicht umgezogen wird bzw. von den einzelnen Gruppen nicht rausger\u00e4umt ist, wird hier angeboten) bis Mittwoch, 15.3.2017: R\u00fcckgabe\u2026","rel":"","context":"In &quot;Events&quot;","block_context":{"text":"Events","link":"https:\/\/kirche-hilsbach-weiler.de\/hw\/?cat=14"},"img":{"alt_text":"","src":"https:\/\/i0.wp.com\/kirche-hilsbach-weiler.de\/hw\/wp-content\/uploads\/2017\/02\/news-1027337_1920.jpg?fit=1200%2C1200&ssl=1&resize=350%2C200","width":350,"height":200,"srcset":"https:\/\/i0.wp.com\/kirche-hilsbach-weiler.de\/hw\/wp-content\/uploads\/2017\/02\/news-1027337_1920.jpg?fit=1200%2C1200&ssl=1&resize=350%2C200 1x, https:\/\/i0.wp.com\/kirche-hilsbach-weiler.de\/hw\/wp-content\/uploads\/2017\/02\/news-1027337_1920.jpg?fit=1200%2C1200&ssl=1&resize=525%2C300 1.5x, https:\/\/i0.wp.com\/kirche-hilsbach-weiler.de\/hw\/wp-content\/uploads\/2017\/02\/news-1027337_1920.jpg?fit=1200%2C1200&ssl=1&resize=700%2C400 2x, https:\/\/i0.wp.com\/kirche-hilsbach-weiler.de\/hw\/wp-content\/uploads\/2017\/02\/news-1027337_1920.jpg?fit=1200%2C1200&ssl=1&resize=1050%2C600 3x"},"classes":[]},{"id":8137,"url":"https:\/\/kirche-hilsbach-weiler.de\/hw\/?p=8137","url_meta":{"origin":7846,"position":2},"title":"Ermutigende Bibelverse","author":"Administrator","date":"24. Mai 2020","format":false,"excerpt":"Die letzten Wochen waren fu\u0308r uns im \u201eCorona-Lockdown\u201c eine gro\u00dfe Herausforderung. Jeden Tag neue Meldungen und verwirrende Nach- richten, da ist es ganz scho\u0308n schwierig, die Hoffnung und den Glauben nicht zu verlieren. Wir mo\u0308chten mithilfe unserer Gemeinde die Bibelworte sammeln, die Ihnen durch diese schwierige Zeit geholfen haben. Bibelverse\u2026","rel":"","context":"In &quot;News&quot;","block_context":{"text":"News","link":"https:\/\/kirche-hilsbach-weiler.de\/hw\/?cat=42"},"img":{"alt_text":"","src":"https:\/\/i0.wp.com\/kirche-hilsbach-weiler.de\/hw\/wp-content\/uploads\/2020\/05\/book-981672_640.jpg?fit=640%2C360&ssl=1&resize=350%2C200","width":350,"height":200,"srcset":"https:\/\/i0.wp.com\/kirche-hilsbach-weiler.de\/hw\/wp-content\/uploads\/2020\/05\/book-981672_640.jpg?fit=640%2C360&ssl=1&resize=350%2C200 1x, https:\/\/i0.wp.com\/kirche-hilsbach-weiler.de\/hw\/wp-content\/uploads\/2020\/05\/book-981672_640.jpg?fit=640%2C360&ssl=1&resize=525%2C300 1.5x"},"classes":[]},{"id":4337,"url":"https:\/\/kirche-hilsbach-weiler.de\/hw\/?p=4337","url_meta":{"origin":7846,"position":3},"title":"Kleidersammlung f\u00fcr Bethel","author":"Carsten Glaser","date":"16. November 2015","format":false,"excerpt":"Geben Sie Ihren Kleidern eine zweite Chance! Schon wieder rausgewachsen aus der Jeans vom letzten Jahr? Die Blusenfarbe passt nicht mehr in die kommende Saison? Der Anzug ist nicht mehr \u201eup to date\u201d und zu schade zum Wegwerfen? Wir h\u00e4tten da eine gute Idee: Spenden Sie Ihre aussortierten Kleidungsst\u00fccke an\u2026","rel":"","context":"In &quot;News&quot;","block_context":{"text":"News","link":"https:\/\/kirche-hilsbach-weiler.de\/hw\/?cat=42"},"img":{"alt_text":"Bethel","src":"https:\/\/i0.wp.com\/kirche-hilsbach-weiler.de\/hw\/wp-content\/uploads\/2015\/11\/Bethel.jpg?resize=350%2C200","width":350,"height":200},"classes":[]},{"id":7670,"url":"https:\/\/kirche-hilsbach-weiler.de\/hw\/?p=7670","url_meta":{"origin":7846,"position":4},"title":"MyLife-Workshop","author":"Carsten Glaser","date":"2. Januar 2020","format":false,"excerpt":"Am 16. Januar 2020 beginnt unser 6-teiliger Lebenskurs \u201eMein Leben neu erforschen\u201c. Was hat mich zu dem gemacht, was ich heute bin? Wohin f\u00fchrt mein Leben? Welches Interesse hat Gott an mir und wie kann ich es erfahren? Der MyLife-Workshop beleuchtet unsere Einzigartigkeit, unsere Entwicklung, unser Verlangen, unsere Geschichte. Verbl\u00fcffende\u2026","rel":"","context":"In &quot;Events&quot;","block_context":{"text":"Events","link":"https:\/\/kirche-hilsbach-weiler.de\/hw\/?cat=14"},"img":{"alt_text":"","src":"https:\/\/i0.wp.com\/kirche-hilsbach-weiler.de\/hw\/wp-content\/uploads\/2020\/01\/MyLifeWorkshop-scaled-e1577949840672.jpg?fit=600%2C836&ssl=1&resize=350%2C200","width":350,"height":200,"srcset":"https:\/\/i0.wp.com\/kirche-hilsbach-weiler.de\/hw\/wp-content\/uploads\/2020\/01\/MyLifeWorkshop-scaled-e1577949840672.jpg?fit=600%2C836&ssl=1&resize=350%2C200 1x, https:\/\/i0.wp.com\/kirche-hilsbach-weiler.de\/hw\/wp-content\/uploads\/2020\/01\/MyLifeWorkshop-scaled-e1577949840672.jpg?fit=600%2C836&ssl=1&resize=525%2C300 1.5x"},"classes":[]},{"id":9898,"url":"https:\/\/kirche-hilsbach-weiler.de\/hw\/?p=9898","url_meta":{"origin":7846,"position":5},"title":"Konzert am Reformationstag","author":"Carsten Glaser","date":"15. Oktober 2021","format":false,"excerpt":"Kurzkonzert an Reformation in der Evangelischen Kirche Weiler Am Sonntag, 31.10.2021 findet um 18.00 Uhr ein Kurzkonzert anl\u00e4sslich des Reformationsfestes in der Evangelischen Kirche Weiler statt. Nach einer langen Corona-bedingten Pause konnte der Evangelische Kirchenchor Hilsbach im September die Probenarbeit wieder aufnehmen. Zu kurz um ein Konzertprogramm zu erarbeiten. Deshalb\u2026","rel":"","context":"In &quot;Events&quot;","block_context":{"text":"Events","link":"https:\/\/kirche-hilsbach-weiler.de\/hw\/?cat=14"},"img":{"alt_text":"","src":"https:\/\/i0.wp.com\/kirche-hilsbach-weiler.de\/hw\/wp-content\/uploads\/2021\/10\/Sabrina-scaled.jpg?fit=1200%2C1200&ssl=1&resize=350%2C200","width":350,"height":200,"srcset":"https:\/\/i0.wp.com\/kirche-hilsbach-weiler.de\/hw\/wp-content\/uploads\/2021\/10\/Sabrina-scaled.jpg?fit=1200%2C1200&ssl=1&resize=350%2C200 1x, https:\/\/i0.wp.com\/kirche-hilsbach-weiler.de\/hw\/wp-content\/uploads\/2021\/10\/Sabrina-scaled.jpg?fit=1200%2C1200&ssl=1&resize=525%2C300 1.5x, https:\/\/i0.wp.com\/kirche-hilsbach-weiler.de\/hw\/wp-content\/uploads\/2021\/10\/Sabrina-scaled.jpg?fit=1200%2C1200&ssl=1&resize=700%2C400 2x, https:\/\/i0.wp.com\/kirche-hilsbach-weiler.de\/hw\/wp-content\/uploads\/2021\/10\/Sabrina-scaled.jpg?fit=1200%2C1200&ssl=1&resize=1050%2C600 3x"},"classes":[]}],"jetpack_sharing_enabled":true,"_links":{"self":[{"href":"https:\/\/kirche-hilsbach-weiler.de\/hw\/index.php?rest_route=\/wp\/v2\/posts\/7846","targetHints":{"allow":["GET"]}}],"collection":[{"href":"https:\/\/kirche-hilsbach-weiler.de\/hw\/index.php?rest_route=\/wp\/v2\/posts"}],"about":[{"href":"https:\/\/kirche-hilsbach-weiler.de\/hw\/index.php?rest_route=\/wp\/v2\/types\/post"}],"author":[{"embeddable":true,"href":"https:\/\/kirche-hilsbach-weiler.de\/hw\/index.php?rest_route=\/wp\/v2\/users\/5"}],"replies":[{"embeddable":true,"href":"https:\/\/kirche-hilsbach-weiler.de\/hw\/index.php?rest_route=%2Fwp%2Fv2%2Fcomments&post=7846"}],"version-history":[{"count":0,"href":"https:\/\/kirche-hilsbach-weiler.de\/hw\/index.php?rest_route=\/wp\/v2\/posts\/7846\/revisions"}],"wp:featuredmedia":[{"embeddable":true,"href":"https:\/\/kirche-hilsbach-weiler.de\/hw\/index.php?rest_route=\/wp\/v2\/media\/7849"}],"wp:attachment":[{"href":"https:\/\/kirche-hilsbach-weiler.de\/hw\/index.php?rest_route=%2Fwp%2Fv2%2Fmedia&parent=7846"}],"wp:term":[{"taxonomy":"category","embeddable":true,"href":"https:\/\/kirche-hilsbach-weiler.de\/hw\/index.php?rest_route=%2Fwp%2Fv2%2Fcategories&post=7846"},{"taxonomy":"post_tag","embeddable":true,"href":"https:\/\/kirche-hilsbach-weiler.de\/hw\/index.php?rest_route=%2Fwp%2Fv2%2Ftags&post=7846"}],"curies":[{"name":"wp","href":"https:\/\/api.w.org\/{rel}","templated":true}]}}