{"id":8397,"date":"2020-07-20T09:07:00","date_gmt":"2020-07-20T07:07:00","guid":{"rendered":"https:\/\/kirche-hilsbach-weiler.de\/hw\/?p=8397"},"modified":"2020-07-20T09:06:31","modified_gmt":"2020-07-20T07:06:31","slug":"mutige-fuer-mission","status":"publish","type":"post","link":"https:\/\/kirche-hilsbach-weiler.de\/hw\/?p=8397","title":{"rendered":"Mut(ige) f\u00fcr Mission"},"content":{"rendered":"\n<p>Kirche ist gesandt in die Welt. Daf\u00fcr braucht es immer wieder Mut und Mutige. <a href=\"https:\/\/kirche-hilsbach-weiler.de\/hw\/?page_id=8334\">Beides gibt es in unserer Gemeinde<\/a>:<\/p>\n\n\n\n<figure class=\"wp-block-image size-large\"><a href=\"https:\/\/kirche-hilsbach-weiler.de\/hw\/?page_id=8334\"><img data-recalc-dims=\"1\" loading=\"lazy\" decoding=\"async\" width=\"700\" height=\"467\" data-attachment-id=\"8434\" data-permalink=\"https:\/\/kirche-hilsbach-weiler.de\/hw\/?attachment_id=8434\" data-orig-file=\"https:\/\/i0.wp.com\/kirche-hilsbach-weiler.de\/hw\/wp-content\/uploads\/2020\/07\/hand-644145_1920.jpg?fit=1920%2C1280&amp;ssl=1\" data-orig-size=\"1920,1280\" data-comments-opened=\"0\" data-image-meta=\"{&quot;aperture&quot;:&quot;0&quot;,&quot;credit&quot;:&quot;&quot;,&quot;camera&quot;:&quot;&quot;,&quot;caption&quot;:&quot;&quot;,&quot;created_timestamp&quot;:&quot;0&quot;,&quot;copyright&quot;:&quot;&quot;,&quot;focal_length&quot;:&quot;0&quot;,&quot;iso&quot;:&quot;0&quot;,&quot;shutter_speed&quot;:&quot;0&quot;,&quot;title&quot;:&quot;&quot;,&quot;orientation&quot;:&quot;0&quot;}\" data-image-title=\"Mut f\u00fcr Mission\" data-image-description=\"\" data-image-caption=\"\" data-large-file=\"https:\/\/i0.wp.com\/kirche-hilsbach-weiler.de\/hw\/wp-content\/uploads\/2020\/07\/hand-644145_1920.jpg?fit=700%2C467&amp;ssl=1\" src=\"https:\/\/i0.wp.com\/kirche-hilsbach-weiler.de\/hw\/wp-content\/uploads\/2020\/07\/hand-644145_1920.jpg?resize=700%2C467&#038;ssl=1\" alt=\"\" class=\"wp-image-8434\" srcset=\"https:\/\/i0.wp.com\/kirche-hilsbach-weiler.de\/hw\/wp-content\/uploads\/2020\/07\/hand-644145_1920.jpg?resize=1024%2C683&amp;ssl=1 1024w, https:\/\/i0.wp.com\/kirche-hilsbach-weiler.de\/hw\/wp-content\/uploads\/2020\/07\/hand-644145_1920.jpg?resize=300%2C200&amp;ssl=1 300w, https:\/\/i0.wp.com\/kirche-hilsbach-weiler.de\/hw\/wp-content\/uploads\/2020\/07\/hand-644145_1920.jpg?resize=768%2C512&amp;ssl=1 768w, https:\/\/i0.wp.com\/kirche-hilsbach-weiler.de\/hw\/wp-content\/uploads\/2020\/07\/hand-644145_1920.jpg?resize=1536%2C1024&amp;ssl=1 1536w, https:\/\/i0.wp.com\/kirche-hilsbach-weiler.de\/hw\/wp-content\/uploads\/2020\/07\/hand-644145_1920.jpg?w=1920&amp;ssl=1 1920w, https:\/\/i0.wp.com\/kirche-hilsbach-weiler.de\/hw\/wp-content\/uploads\/2020\/07\/hand-644145_1920.jpg?w=1400&amp;ssl=1 1400w\" sizes=\"auto, (max-width: 700px) 100vw, 700px\" \/><\/a><figcaption>Glauben weitergeben<\/figcaption><\/figure>\n","protected":false},"excerpt":{"rendered":"<p>Kirche ist gesandt in die Welt. Daf\u00fcr braucht es immer wieder Mut und Mutige. Beides gibt es in unserer Gemeinde:<\/p>\n","protected":false},"author":5,"featured_media":8434,"comment_status":"closed","ping_status":"closed","sticky":false,"template":"","format":"standard","meta":{"ngg_post_thumbnail":0,"_jetpack_newsletter_access":"","_jetpack_dont_email_post_to_subs":false,"_jetpack_newsletter_tier_id":0,"_jetpack_memberships_contains_paywalled_content":false,"_jetpack_memberships_contains_paid_content":false,"footnotes":""},"categories":[42],"tags":[46,51,139,70,47,234],"class_list":{"0":"entry","1":"post","2":"publish","3":"author-spickel","4":"post-8397","6":"format-standard","7":"has-post-thumbnail","8":"category-news","9":"post_tag-dmg","10":"post_tag-gemeinde","11":"post_tag-informationen","12":"post_tag-kirche","13":"post_tag-mission","14":"post_tag-mut"},"jetpack_featured_media_url":"https:\/\/i0.wp.com\/kirche-hilsbach-weiler.de\/hw\/wp-content\/uploads\/2020\/07\/hand-644145_1920.jpg?fit=1920%2C1280&ssl=1","jetpack_shortlink":"https:\/\/wp.me\/p4vBdR-2br","jetpack_likes_enabled":false,"jetpack-related-posts":[{"id":3286,"url":"https:\/\/kirche-hilsbach-weiler.de\/hw\/?p=3286","url_meta":{"origin":8397,"position":0},"title":"Gemeinde ist&#8230; (Teil 5)","author":"Administrator","date":"26. Dezember 2014","format":false,"excerpt":"Im Konfirmandenunterricht am 3. Dezember haben wir uns mit dem Thema \"Gemeinde\" auseinandergesetzt. Dabei haben wir in die Bibel geschaut und entdeckt, welche Bilder die Bibel f\u00fcr \"Gemeinde\" kennt. Die Konfirmandinnen und Konfirmanden gestalteten dann in 3er- bzw. 4er-Teams einen biblischen Text wiederum als Bild. Diese 6 Bilder und Texte\u2026","rel":"","context":"In &quot;News&quot;","block_context":{"text":"News","link":"https:\/\/kirche-hilsbach-weiler.de\/hw\/?cat=42"},"img":{"alt_text":"","src":"https:\/\/i0.wp.com\/kirche-hilsbach-weiler.de\/hw\/wp-content\/uploads\/2014\/12\/Mat5.jpg?fit=1200%2C848&ssl=1&resize=350%2C200","width":350,"height":200,"srcset":"https:\/\/i0.wp.com\/kirche-hilsbach-weiler.de\/hw\/wp-content\/uploads\/2014\/12\/Mat5.jpg?fit=1200%2C848&ssl=1&resize=350%2C200 1x, https:\/\/i0.wp.com\/kirche-hilsbach-weiler.de\/hw\/wp-content\/uploads\/2014\/12\/Mat5.jpg?fit=1200%2C848&ssl=1&resize=525%2C300 1.5x, https:\/\/i0.wp.com\/kirche-hilsbach-weiler.de\/hw\/wp-content\/uploads\/2014\/12\/Mat5.jpg?fit=1200%2C848&ssl=1&resize=700%2C400 2x, https:\/\/i0.wp.com\/kirche-hilsbach-weiler.de\/hw\/wp-content\/uploads\/2014\/12\/Mat5.jpg?fit=1200%2C848&ssl=1&resize=1050%2C600 3x"},"classes":[]},{"id":3281,"url":"https:\/\/kirche-hilsbach-weiler.de\/hw\/?p=3281","url_meta":{"origin":8397,"position":1},"title":"Gemeinde ist&#8230; (Teil 4)","author":"Administrator","date":"15. Dezember 2014","format":false,"excerpt":"Im Konfirmandenunterricht am 3. Dezember haben wir uns mit dem Thema \"Gemeinde\" auseinandergesetzt. Dabei haben wir in die Bibel geschaut und entdeckt, welche Bilder die Bibel f\u00fcr \"Gemeinde\" kennt. Die Konfirmandinnen und Konfirmanden gestalteten dann in 3er- bzw. 4er-Teams einen biblischen Text wiederum als Bild. Diese 6 Bilder und Texte\u2026","rel":"","context":"In &quot;News&quot;","block_context":{"text":"News","link":"https:\/\/kirche-hilsbach-weiler.de\/hw\/?cat=42"},"img":{"alt_text":"","src":"https:\/\/i0.wp.com\/kirche-hilsbach-weiler.de\/hw\/wp-content\/uploads\/2014\/12\/R%C3%B612Eph1.jpg?fit=1200%2C848&ssl=1&resize=350%2C200","width":350,"height":200,"srcset":"https:\/\/i0.wp.com\/kirche-hilsbach-weiler.de\/hw\/wp-content\/uploads\/2014\/12\/R%C3%B612Eph1.jpg?fit=1200%2C848&ssl=1&resize=350%2C200 1x, https:\/\/i0.wp.com\/kirche-hilsbach-weiler.de\/hw\/wp-content\/uploads\/2014\/12\/R%C3%B612Eph1.jpg?fit=1200%2C848&ssl=1&resize=525%2C300 1.5x, https:\/\/i0.wp.com\/kirche-hilsbach-weiler.de\/hw\/wp-content\/uploads\/2014\/12\/R%C3%B612Eph1.jpg?fit=1200%2C848&ssl=1&resize=700%2C400 2x, https:\/\/i0.wp.com\/kirche-hilsbach-weiler.de\/hw\/wp-content\/uploads\/2014\/12\/R%C3%B612Eph1.jpg?fit=1200%2C848&ssl=1&resize=1050%2C600 3x"},"classes":[]},{"id":2678,"url":"https:\/\/kirche-hilsbach-weiler.de\/hw\/?p=2678","url_meta":{"origin":8397,"position":2},"title":"Zukunft der Kirchengemeinden Hilsbach\/Weiler &#8211; Infoveranstaltung","author":"Administrator","date":"24. Juni 2014","format":false,"excerpt":"Zukunft der Kirchengemeinden Hilsbach\/Weiler. Wie m\u00fcssen wir unsere Geb\u00e4ude gestalten, um zukunftsf\u00e4hig zu sein?\"Mit der Kirche geht's bergab!\"Nach landl\u00e4ufiger Meinung steht die Entwicklung der Kirche schon fest. Aber wir wollen gegen diesen Trend wachsende und lebendige Gemeinde sein. Gemeinde mit Zukunft, Gemeinde voller Leben, Gemeinde f\u00fcr jede Generation. So merkw\u00fcrdig\u2026","rel":"","context":"In &quot;News&quot;","block_context":{"text":"News","link":"https:\/\/kirche-hilsbach-weiler.de\/hw\/?cat=42"},"img":{"alt_text":"110708_logo_ekiba_weiler_hilsbach","src":"https:\/\/i0.wp.com\/kirche-hilsbach-weiler.de\/hw\/wp-content\/uploads\/2014\/06\/110708_logo_ekiba_weiler_hilsbach.png?resize=350%2C200","width":350,"height":200,"srcset":"https:\/\/i0.wp.com\/kirche-hilsbach-weiler.de\/hw\/wp-content\/uploads\/2014\/06\/110708_logo_ekiba_weiler_hilsbach.png?resize=350%2C200 1x, https:\/\/i0.wp.com\/kirche-hilsbach-weiler.de\/hw\/wp-content\/uploads\/2014\/06\/110708_logo_ekiba_weiler_hilsbach.png?resize=525%2C300 1.5x"},"classes":[]},{"id":3945,"url":"https:\/\/kirche-hilsbach-weiler.de\/hw\/?p=3945","url_meta":{"origin":8397,"position":3},"title":"Sommerkino in Eurer Gemeinde","author":"Administrator","date":"8. Juli 2015","format":false,"excerpt":"An alle Filmfreunde aus Hilsbach und Weiler und allen die gemeinsam mit uns Kino erleben wollen! Ihr wartet sicher schon drauf wann wir unsere n\u00e4chste Aktion bekannt geben. Wir Stubenhocker laden wieder ein zu einem weiteren KirchenKinoAbend und zeigen die schw\u00e4bische Kom\u00f6die: DIE KIRCHE BLEIBT IM DORF\u00a0 Passend zum Sommer\u2026","rel":"","context":"In &quot;Events&quot;","block_context":{"text":"Events","link":"https:\/\/kirche-hilsbach-weiler.de\/hw\/?cat=14"},"img":{"alt_text":"","src":"https:\/\/i0.wp.com\/kirche-hilsbach-weiler.de\/hw\/wp-content\/uploads\/2015\/07\/2015-07-08-19.09.56.jpg?fit=1122%2C1200&ssl=1&resize=350%2C200","width":350,"height":200,"srcset":"https:\/\/i0.wp.com\/kirche-hilsbach-weiler.de\/hw\/wp-content\/uploads\/2015\/07\/2015-07-08-19.09.56.jpg?fit=1122%2C1200&ssl=1&resize=350%2C200 1x, https:\/\/i0.wp.com\/kirche-hilsbach-weiler.de\/hw\/wp-content\/uploads\/2015\/07\/2015-07-08-19.09.56.jpg?fit=1122%2C1200&ssl=1&resize=525%2C300 1.5x, https:\/\/i0.wp.com\/kirche-hilsbach-weiler.de\/hw\/wp-content\/uploads\/2015\/07\/2015-07-08-19.09.56.jpg?fit=1122%2C1200&ssl=1&resize=700%2C400 2x, https:\/\/i0.wp.com\/kirche-hilsbach-weiler.de\/hw\/wp-content\/uploads\/2015\/07\/2015-07-08-19.09.56.jpg?fit=1122%2C1200&ssl=1&resize=1050%2C600 3x"},"classes":[]},{"id":5322,"url":"https:\/\/kirche-hilsbach-weiler.de\/hw\/?p=5322","url_meta":{"origin":8397,"position":4},"title":"Wir stimmen uns ein &#8211; Adventscafe","author":"Administrator","date":"16. November 2016","format":false,"excerpt":"Herzliche Einladung zum diesj\u00e4hrigen Adventscafe! Sonntag, den 27.November 2016 Beginn: 14.30Uhr im Michaelssaal der kath. Kirchengemeinde. Nach einer Andacht wollen wir als Gemeinde beisammen sein. Kaffee und Kuchen, sowie andere Leckereien laden zu einem gem\u00fctlichen Beisammensein ein. Umrahmt wird der Nachmittag von einem Beitrag es evang. Kirchenchores und als Highlight\u2026","rel":"","context":"In &quot;Events&quot;","block_context":{"text":"Events","link":"https:\/\/kirche-hilsbach-weiler.de\/hw\/?cat=14"},"img":{"alt_text":"","src":"https:\/\/i0.wp.com\/kirche-hilsbach-weiler.de\/hw\/wp-content\/uploads\/2016\/11\/P1050873.jpg?fit=1200%2C900&ssl=1&resize=350%2C200","width":350,"height":200,"srcset":"https:\/\/i0.wp.com\/kirche-hilsbach-weiler.de\/hw\/wp-content\/uploads\/2016\/11\/P1050873.jpg?fit=1200%2C900&ssl=1&resize=350%2C200 1x, https:\/\/i0.wp.com\/kirche-hilsbach-weiler.de\/hw\/wp-content\/uploads\/2016\/11\/P1050873.jpg?fit=1200%2C900&ssl=1&resize=525%2C300 1.5x, https:\/\/i0.wp.com\/kirche-hilsbach-weiler.de\/hw\/wp-content\/uploads\/2016\/11\/P1050873.jpg?fit=1200%2C900&ssl=1&resize=700%2C400 2x, https:\/\/i0.wp.com\/kirche-hilsbach-weiler.de\/hw\/wp-content\/uploads\/2016\/11\/P1050873.jpg?fit=1200%2C900&ssl=1&resize=1050%2C600 3x"},"classes":[]},{"id":3436,"url":"https:\/\/kirche-hilsbach-weiler.de\/hw\/?p=3436","url_meta":{"origin":8397,"position":5},"title":"Gemeindefest Weiler 2015","author":"Administrator","date":"16. Januar 2015","format":false,"excerpt":"Am Dienstag, den 27. Januar 2015, findet um 20 Uhr im evangelischen Gemeindehaus Weiler ein Treffen bez\u00fcglich des Gemeindefestes statt. Ob, wann und in welcher Form das Gemeindefest dieses Jahr stattfindet, ist noch offen. Das bedeutet: Es gibt ganz viel Gestaltungsm\u00f6glichkeit, dieses Gemeindefest zu einem Fest der ganzen Gemeinde werden\u2026","rel":"","context":"In &quot;News&quot;","block_context":{"text":"News","link":"https:\/\/kirche-hilsbach-weiler.de\/hw\/?cat=42"},"img":{"alt_text":"","src":"","width":0,"height":0},"classes":[]}],"jetpack_sharing_enabled":true,"_links":{"self":[{"href":"https:\/\/kirche-hilsbach-weiler.de\/hw\/index.php?rest_route=\/wp\/v2\/posts\/8397","targetHints":{"allow":["GET"]}}],"collection":[{"href":"https:\/\/kirche-hilsbach-weiler.de\/hw\/index.php?rest_route=\/wp\/v2\/posts"}],"about":[{"href":"https:\/\/kirche-hilsbach-weiler.de\/hw\/index.php?rest_route=\/wp\/v2\/types\/post"}],"author":[{"embeddable":true,"href":"https:\/\/kirche-hilsbach-weiler.de\/hw\/index.php?rest_route=\/wp\/v2\/users\/5"}],"replies":[{"embeddable":true,"href":"https:\/\/kirche-hilsbach-weiler.de\/hw\/index.php?rest_route=%2Fwp%2Fv2%2Fcomments&post=8397"}],"version-history":[{"count":0,"href":"https:\/\/kirche-hilsbach-weiler.de\/hw\/index.php?rest_route=\/wp\/v2\/posts\/8397\/revisions"}],"wp:featuredmedia":[{"embeddable":true,"href":"https:\/\/kirche-hilsbach-weiler.de\/hw\/index.php?rest_route=\/wp\/v2\/media\/8434"}],"wp:attachment":[{"href":"https:\/\/kirche-hilsbach-weiler.de\/hw\/index.php?rest_route=%2Fwp%2Fv2%2Fmedia&parent=8397"}],"wp:term":[{"taxonomy":"category","embeddable":true,"href":"https:\/\/kirche-hilsbach-weiler.de\/hw\/index.php?rest_route=%2Fwp%2Fv2%2Fcategories&post=8397"},{"taxonomy":"post_tag","embeddable":true,"href":"https:\/\/kirche-hilsbach-weiler.de\/hw\/index.php?rest_route=%2Fwp%2Fv2%2Ftags&post=8397"}],"curies":[{"name":"wp","href":"https:\/\/api.w.org\/{rel}","templated":true}]}}