{"id":9331,"date":"2021-01-01T20:00:27","date_gmt":"2021-01-01T19:00:27","guid":{"rendered":"https:\/\/kirche-hilsbach-weiler.de\/hw\/?p=9331"},"modified":"2021-01-06T11:50:12","modified_gmt":"2021-01-06T10:50:12","slug":"predigten-zum-nachhoeren","status":"publish","type":"post","link":"https:\/\/kirche-hilsbach-weiler.de\/hw\/?p=9331","title":{"rendered":"&#8216;Gott geht voran und Gott geht mit&#8217;"},"content":{"rendered":"<p><img data-recalc-dims=\"1\" loading=\"lazy\" decoding=\"async\" data-attachment-id=\"9288\" data-permalink=\"https:\/\/kirche-hilsbach-weiler.de\/hw\/?attachment_id=9288\" data-orig-file=\"https:\/\/i0.wp.com\/kirche-hilsbach-weiler.de\/hw\/wp-content\/uploads\/2020\/12\/Audiopredigt.jpg?fit=1920%2C1080&amp;ssl=1\" data-orig-size=\"1920,1080\" data-comments-opened=\"0\" data-image-meta=\"{&quot;aperture&quot;:&quot;0&quot;,&quot;credit&quot;:&quot;&quot;,&quot;camera&quot;:&quot;&quot;,&quot;caption&quot;:&quot;&quot;,&quot;created_timestamp&quot;:&quot;0&quot;,&quot;copyright&quot;:&quot;&quot;,&quot;focal_length&quot;:&quot;0&quot;,&quot;iso&quot;:&quot;0&quot;,&quot;shutter_speed&quot;:&quot;0&quot;,&quot;title&quot;:&quot;&quot;,&quot;orientation&quot;:&quot;0&quot;}\" data-image-title=\"Audiopredigt\" data-image-description=\"\" data-image-caption=\"\" data-large-file=\"https:\/\/i0.wp.com\/kirche-hilsbach-weiler.de\/hw\/wp-content\/uploads\/2020\/12\/Audiopredigt.jpg?fit=700%2C394&amp;ssl=1\" class=\"alignnone wp-image-9288 size-medium\" src=\"https:\/\/i0.wp.com\/kirche-hilsbach-weiler.de\/hw\/wp-content\/uploads\/2020\/12\/Audiopredigt.jpg?resize=300%2C169&#038;ssl=1\" alt=\"\" width=\"300\" height=\"169\" srcset=\"https:\/\/i0.wp.com\/kirche-hilsbach-weiler.de\/hw\/wp-content\/uploads\/2020\/12\/Audiopredigt.jpg?resize=300%2C169&amp;ssl=1 300w, https:\/\/i0.wp.com\/kirche-hilsbach-weiler.de\/hw\/wp-content\/uploads\/2020\/12\/Audiopredigt.jpg?resize=1024%2C576&amp;ssl=1 1024w, https:\/\/i0.wp.com\/kirche-hilsbach-weiler.de\/hw\/wp-content\/uploads\/2020\/12\/Audiopredigt.jpg?resize=768%2C432&amp;ssl=1 768w, https:\/\/i0.wp.com\/kirche-hilsbach-weiler.de\/hw\/wp-content\/uploads\/2020\/12\/Audiopredigt.jpg?resize=1536%2C864&amp;ssl=1 1536w, https:\/\/i0.wp.com\/kirche-hilsbach-weiler.de\/hw\/wp-content\/uploads\/2020\/12\/Audiopredigt.jpg?w=1920&amp;ssl=1 1920w, https:\/\/i0.wp.com\/kirche-hilsbach-weiler.de\/hw\/wp-content\/uploads\/2020\/12\/Audiopredigt.jpg?w=1400&amp;ssl=1 1400w\" sizes=\"auto, (max-width: 300px) 100vw, 300px\" \/><br \/>\nIn unserer neuen Reihe &#8216;<a href=\"https:\/\/kirche-hilsbach-weiler.de\/hw\/?page_id=1895\" target=\"_blank\" rel=\"noopener\">Predigten zum Nachh\u00f6ren<\/a>&#8216; finden Sie ab sofort eine Predigt zu 2. Mose 13,20-22. Pfarrer Prof. Dr. Markus Printz stellte sie im Gottesdienst an Silvester unter die \u00dcberschrift &#8216;Gott geht voran und Gott geht mit&#8217;. Im Anschluss an die Predigt musizieren Cornelia Ritz an der Weilerer Walcker-Orgel und Angelika Bethke (Fl\u00f6te und Gesang) die Chor\u00e4le &#8216;Jesu, geh voran&#8217; (EG 391) und &#8216;Der du die Zeit in H\u00e4nden hast&#8217; (EG 64) sowie eine Sonate von Georg Friedrich H\u00e4ndel.<\/p>\n<audio class=\"wp-audio-shortcode\" id=\"audio-9331-1\" preload=\"none\" style=\"width: 100%;\" controls=\"controls\"><source type=\"audio\/mpeg\" src=\"https:\/\/kirche-hilsbach-weiler.de\/hw\/wp-content\/uploads\/2020\/12\/Sieh-dir-Jesus-an-Hebraeer-1-1-4-2020-12-25.mp3?_=1\" \/><a href=\"https:\/\/kirche-hilsbach-weiler.de\/hw\/wp-content\/uploads\/2020\/12\/Sieh-dir-Jesus-an-Hebraeer-1-1-4-2020-12-25.mp3\">https:\/\/kirche-hilsbach-weiler.de\/hw\/wp-content\/uploads\/2020\/12\/Sieh-dir-Jesus-an-Hebraeer-1-1-4-2020-12-25.mp3<\/a><\/audio>\n<p>Ihre Meinung zu dieser M\u00f6glichkeit eine Predigt nachzuh\u00f6ren interessiert uns. Schreiben Sie uns bitte an <a href=\"&#109;&#x61;i&#108;&#x74;o&#58;&#x69;m&#112;&#x75;l&#115;&#x40;k&#105;&#x72;c&#104;&#x65;-&#104;&#x69;l&#115;&#x62;a&#99;&#x68;-&#119;&#x65;i&#x6c;&#x65;r&#x2e;&#x64;&#101;\">impuls&#64;&#107;&#105;&#114;&#99;&#104;&#101;&#x2d;&#x68;&#x69;&#x6c;&#x73;&#x62;&#x61;&#x63;&#x68;&#x2d;&#x77;&#x65;iler&#46;d&#101;<\/a>. <strong><br \/>\n<\/strong><\/p>\n<p>Dadurch, dass wir uns zu unseren Gottesdiensten derzeit leider nur in kleinem Kreis versammeln d\u00fcrfen, fehlen uns auch eingeplante <strong>Spenden f\u00fcr unsere Gemeindearbeit<\/strong>. Wenn Sie uns unterst\u00fctzen m\u00f6chten und k\u00f6nnen, w\u00e4ren wir f\u00fcr Ihre Spende sehr dankbar. Unsere Bankverbindung lautet: Volksbank Kraichgau, IBAN: DE73672922000000006220, BIC: GENODE61WIE.<\/p>\n<p><strong>Online-Spendenm\u00f6glichkeit<\/strong> besteht auch \u00fcber Bildungsspender (Spendenbescheinigung stellt Bildungsspender aus):<br \/>\n&#8211; zugunsten der Sanierung unserer <strong>Michaelskirche<\/strong> in Hilsbach:<br \/>\n<a href=\"https:\/\/bildungsspender.de\/donation.php?org_id=574889005\" target=\"_blank\" rel=\"noopener noreferrer\"><img data-recalc-dims=\"1\" loading=\"lazy\" decoding=\"async\" title=\"Jetzt spenden\" src=\"https:\/\/i0.wp.com\/www.bildungsspender.org\/extern\/images\/spenden_zahlungsmittel_kl.png?resize=126%2C82&#038;ssl=1\" alt=\"Jetzt spenden\" width=\"126\" height=\"82\" border=\"0\"><\/a><br \/>\n<!-- Ende Bildungsspender --><br \/>\n&#8211; zugunsten der <strong>Jugendreferentenstelle:<br \/>\n<a href=\"https:\/\/bildungsspender.de\/donation.php?org_id=574889003\" target=\"_blank\" rel=\"noopener noreferrer\"><img data-recalc-dims=\"1\" loading=\"lazy\" decoding=\"async\" title=\"Jetzt spenden\" src=\"https:\/\/i0.wp.com\/www.bildungsspender.org\/extern\/images\/spenden_zahlungsmittel_kl.png?resize=126%2C82&#038;ssl=1\" alt=\"Jetzt spenden\" width=\"126\" height=\"82\" border=\"0\"><\/a><\/strong><\/p>\n<p><!-- Ende Bildungsspender -->&#8211; zugunsten der Erweiterung unseres <strong>Gemeindehauses<\/strong> in Weiler:<br \/>\n<a href=\"https:\/\/bildungsspender.de\/donation.php?org_id=574889001\" target=\"_blank\" rel=\"noopener noreferrer\"><img data-recalc-dims=\"1\" loading=\"lazy\" decoding=\"async\" title=\"Jetzt spenden\" src=\"https:\/\/i0.wp.com\/www.bildungsspender.org\/extern\/images\/spenden_zahlungsmittel_kl.png?resize=126%2C82&#038;ssl=1\" alt=\"Jetzt spenden\" width=\"126\" height=\"82\" border=\"0\"><\/a><br \/>\n<!-- Ende Bildungsspender --><br \/>\nDankbar sind wir auch, wenn Sie uns durch Ihre <strong>Online-Eink\u00e4ufe \u00fcber Bildungsspender<\/strong> ohne Mehrkosten unterst\u00fctzen:<br \/>\n&#8211; zugunsten der Sanierung unserer <strong>Michaelskirche<\/strong> in Hilsbach: <a href=\"https:\/\/www.bildungsspender.de\/michaelskirche\/websearch\" target=\"_blank\" rel=\"noopener noreferrer\">https:\/\/www.bildungsspender.de\/michaelskirche\/websearch<\/a><br \/>\n&#8211; zugunsten der <strong>Jugendreferentenstelle:<\/strong> <a href=\"https:\/\/www.bildungsspender.de\/jugend-hilsbach-weiler\/websearch\" target=\"_blank\" rel=\"noopener noreferrer\">https:\/\/www.bildungsspender.de\/jugend-hilsbach-weiler\/websearch<\/a><br \/>\n&#8211; zugunsten der Erweiterung unseres <strong>Gemeindehauses<\/strong> in Weiler: <a href=\"https:\/\/www.bildungsspender.de\/kirchengemeinde-weiler\/websearch\" target=\"_blank\" rel=\"noopener noreferrer\">https:\/\/www.bildungsspender.de\/kirchengemeinde-weiler\/websearch<\/a><\/p>\n","protected":false},"excerpt":{"rendered":"<p>In unserer neuen Reihe &#8216;Predigten zum Nachh\u00f6ren&#8216; finden Sie ab sofort eine Predigt zu 2. Mose 13,20-22. Pfarrer Prof. Dr. Markus Printz stellte sie im Gottesdienst an Silvester unter die \u00dcberschrift &#8216;Gott geht voran und Gott geht mit&#8217;. Im Anschluss an die Predigt musizieren Cornelia Ritz an der Weilerer Walcker-Orgel und Angelika Bethke (Fl\u00f6te und &#8230; <span class=\"more\"><a class=\"more-link\" href=\"https:\/\/kirche-hilsbach-weiler.de\/hw\/?p=9331\">[Weiter&#8230;]<\/a><\/span><\/p>\n","protected":false},"author":3,"featured_media":9288,"comment_status":"closed","ping_status":"closed","sticky":false,"template":"","format":"standard","meta":{"ngg_post_thumbnail":0,"_jetpack_newsletter_access":"","_jetpack_dont_email_post_to_subs":false,"_jetpack_newsletter_tier_id":0,"_jetpack_memberships_contains_paywalled_content":false,"_jetpack_memberships_contains_paid_content":false,"footnotes":""},"categories":[174,42],"tags":[243,50,113,59],"class_list":{"0":"entry","1":"post","2":"publish","3":"author-cglaser","4":"post-9331","6":"format-standard","7":"has-post-thumbnail","8":"category-gottesdienste","9":"category-news","10":"post_tag-audiopredigt","11":"post_tag-gottesdienst","12":"post_tag-musik","13":"post_tag-predigt"},"jetpack_featured_media_url":"https:\/\/i0.wp.com\/kirche-hilsbach-weiler.de\/hw\/wp-content\/uploads\/2020\/12\/Audiopredigt.jpg?fit=1920%2C1080&ssl=1","jetpack_shortlink":"https:\/\/wp.me\/p4vBdR-2qv","jetpack_likes_enabled":false,"jetpack-related-posts":[{"id":9725,"url":"https:\/\/kirche-hilsbach-weiler.de\/hw\/?p=9725","url_meta":{"origin":9331,"position":0},"title":"NACHgeDACHT \u00fcber Himmel &#038; Erde","author":"Carsten Glaser","date":"3. August 2025","format":false,"excerpt":"Neueste Andachten, Predigten & mehr zum NACHschauen, NACHh\u00f6ren und NACHdenken: \"Adoptiert von Gott!?\" - Pfarrer Gerhard Eckert predigte am 28.12.2025 in der Ev. Kirche Sinsheim-Weiler \u00fcber Galater 4,4-5. Hier als Audio und Video. \"Leben f\u00fcr das Kind in der Krippe - Glaube bis zum Ende\": Pfarrer Markus Printz spricht zum\u2026","rel":"","context":"In &quot;Events&quot;","block_context":{"text":"Events","link":"https:\/\/kirche-hilsbach-weiler.de\/hw\/?cat=14"},"img":{"alt_text":"","src":"https:\/\/i0.wp.com\/kirche-hilsbach-weiler.de\/hw\/wp-content\/uploads\/2023\/01\/nachGEDACHT-2.jpg?fit=1200%2C675&ssl=1&resize=350%2C200","width":350,"height":200,"srcset":"https:\/\/i0.wp.com\/kirche-hilsbach-weiler.de\/hw\/wp-content\/uploads\/2023\/01\/nachGEDACHT-2.jpg?fit=1200%2C675&ssl=1&resize=350%2C200 1x, https:\/\/i0.wp.com\/kirche-hilsbach-weiler.de\/hw\/wp-content\/uploads\/2023\/01\/nachGEDACHT-2.jpg?fit=1200%2C675&ssl=1&resize=525%2C300 1.5x, https:\/\/i0.wp.com\/kirche-hilsbach-weiler.de\/hw\/wp-content\/uploads\/2023\/01\/nachGEDACHT-2.jpg?fit=1200%2C675&ssl=1&resize=700%2C400 2x, https:\/\/i0.wp.com\/kirche-hilsbach-weiler.de\/hw\/wp-content\/uploads\/2023\/01\/nachGEDACHT-2.jpg?fit=1200%2C675&ssl=1&resize=1050%2C600 3x"},"classes":[]},{"id":8248,"url":"https:\/\/kirche-hilsbach-weiler.de\/hw\/?p=8248","url_meta":{"origin":9331,"position":1},"title":"&#8216;Wegwerfgesellschaft und Wegwerf-Gott&#8217; &#8211; Videogottesdienst","author":"Carsten Glaser","date":"28. Juni 2020","format":false,"excerpt":"Gottesdienstliche Feier mit Pfarrer Prof. Dr. Markus Printz, Sabrina Keller (E-Piano) und Gemeindegliedern der Evangelischen Kirchengemeinde HilsbachWeiler aus der Ev. Michaelskirche Sinsheim-Hilsbach am 28.06.2020 https:\/\/youtu.be\/nbaDfQohExs Texte und Noten zum Mitsingen und Mitbeten: - Lobe den Herren (EG 447,1+2+7) - Psalm 103 (NL 950.1) - Du hast Erbarmen (NL 28) -\u2026","rel":"","context":"In &quot;Events&quot;","block_context":{"text":"Events","link":"https:\/\/kirche-hilsbach-weiler.de\/hw\/?cat=14"},"img":{"alt_text":"","src":"https:\/\/i0.wp.com\/kirche-hilsbach-weiler.de\/hw\/wp-content\/uploads\/2020\/06\/Titel-1.png?fit=857%2C482&ssl=1&resize=350%2C200","width":350,"height":200,"srcset":"https:\/\/i0.wp.com\/kirche-hilsbach-weiler.de\/hw\/wp-content\/uploads\/2020\/06\/Titel-1.png?fit=857%2C482&ssl=1&resize=350%2C200 1x, https:\/\/i0.wp.com\/kirche-hilsbach-weiler.de\/hw\/wp-content\/uploads\/2020\/06\/Titel-1.png?fit=857%2C482&ssl=1&resize=525%2C300 1.5x, https:\/\/i0.wp.com\/kirche-hilsbach-weiler.de\/hw\/wp-content\/uploads\/2020\/06\/Titel-1.png?fit=857%2C482&ssl=1&resize=700%2C400 2x"},"classes":[]},{"id":9289,"url":"https:\/\/kirche-hilsbach-weiler.de\/hw\/?p=9289","url_meta":{"origin":9331,"position":2},"title":"&#8216;Sieh dir Jesus an&#8217;","author":"Carsten Glaser","date":"27. Dezember 2020","format":false,"excerpt":"Heute findet in unserer Gemeinde ausnahmsweise kein Gottesdienst statt. Wenn Sie keinen Gottesdienst einer Nachbargemeinde besuchen m\u00f6chten oder einen zus\u00e4tzlichen Impuls suchen, sind Sie herzlich eingeladen, die Predigt vom 1. Weihnachtstag zum Thema 'Sieh dir Jesus an' nachzuh\u00f6ren. Unter diese \u00dcberschrift stellte Pfarrer Prof. Dr. Markus Printz seine Gedanken zu\u2026","rel":"","context":"In &quot;Gottesdienste&quot;","block_context":{"text":"Gottesdienste","link":"https:\/\/kirche-hilsbach-weiler.de\/hw\/?cat=174"},"img":{"alt_text":"","src":"https:\/\/i0.wp.com\/kirche-hilsbach-weiler.de\/hw\/wp-content\/uploads\/2020\/12\/Audiopredigt.jpg?fit=1200%2C675&ssl=1&resize=350%2C200","width":350,"height":200,"srcset":"https:\/\/i0.wp.com\/kirche-hilsbach-weiler.de\/hw\/wp-content\/uploads\/2020\/12\/Audiopredigt.jpg?fit=1200%2C675&ssl=1&resize=350%2C200 1x, https:\/\/i0.wp.com\/kirche-hilsbach-weiler.de\/hw\/wp-content\/uploads\/2020\/12\/Audiopredigt.jpg?fit=1200%2C675&ssl=1&resize=525%2C300 1.5x, https:\/\/i0.wp.com\/kirche-hilsbach-weiler.de\/hw\/wp-content\/uploads\/2020\/12\/Audiopredigt.jpg?fit=1200%2C675&ssl=1&resize=700%2C400 2x, https:\/\/i0.wp.com\/kirche-hilsbach-weiler.de\/hw\/wp-content\/uploads\/2020\/12\/Audiopredigt.jpg?fit=1200%2C675&ssl=1&resize=1050%2C600 3x"},"classes":[]},{"id":8194,"url":"https:\/\/kirche-hilsbach-weiler.de\/hw\/?p=8194","url_meta":{"origin":9331,"position":3},"title":"&#8216;Teilen&#8217; &#8211; Videogottesdienst","author":"Carsten Glaser","date":"14. Juni 2020","format":false,"excerpt":"Gottesdienstliche Feier mit Pr\u00e4dikant Thomas Kerksiek und Gemeindegliedern der Evangelischen Kirchengemeinde HilsbachWeiler aus der Ev. Michaelskirche Sinsheim-Hilsbach am 14.06.2020 https:\/\/youtu.be\/N6R9SPSmXLE Texte und Noten zum Mitsingen und Mitbeten: - Gro\u00dfer Gott wir loben dich (EG 331) - Wo Menschen sich vergessen (NL 93) - Vaterunser (EG 806) EG = Evangelisches Gesangbuch\u2026","rel":"","context":"In &quot;Events&quot;","block_context":{"text":"Events","link":"https:\/\/kirche-hilsbach-weiler.de\/hw\/?cat=14"},"img":{"alt_text":"","src":"https:\/\/i0.wp.com\/kirche-hilsbach-weiler.de\/hw\/wp-content\/uploads\/2020\/06\/Titel.png?fit=960%2C540&ssl=1&resize=350%2C200","width":350,"height":200,"srcset":"https:\/\/i0.wp.com\/kirche-hilsbach-weiler.de\/hw\/wp-content\/uploads\/2020\/06\/Titel.png?fit=960%2C540&ssl=1&resize=350%2C200 1x, https:\/\/i0.wp.com\/kirche-hilsbach-weiler.de\/hw\/wp-content\/uploads\/2020\/06\/Titel.png?fit=960%2C540&ssl=1&resize=525%2C300 1.5x, https:\/\/i0.wp.com\/kirche-hilsbach-weiler.de\/hw\/wp-content\/uploads\/2020\/06\/Titel.png?fit=960%2C540&ssl=1&resize=700%2C400 2x"},"classes":[]},{"id":8307,"url":"https:\/\/kirche-hilsbach-weiler.de\/hw\/?p=8307","url_meta":{"origin":9331,"position":4},"title":"&#8216;Netze&#8217; &#8211; Videogottesdienst","author":"Carsten Glaser","date":"12. Juli 2020","format":false,"excerpt":"Gottesdienstliche Feier mit Pfarrer Prof. Dr. Markus Printz, Dr. Peter Korevaar (Orgel) und Gemeindegliedern der Evangelischen Kirchengemeinde HilsbachWeiler aus der Ev. Michaelskirche Sinsheim-Hilsbach am 12.07.2020 https:\/\/youtu.be\/p8kQJ1Xp7FA TIPP: \u00dcber unsere neue, kostenlose App informieren wir Sie (auch OHNE Registrierung) immer sofort, sobald der neue Videogottesdienst online ist! Texte und Noten zum\u2026","rel":"","context":"In &quot;Events&quot;","block_context":{"text":"Events","link":"https:\/\/kirche-hilsbach-weiler.de\/hw\/?cat=14"},"img":{"alt_text":"","src":"https:\/\/i0.wp.com\/kirche-hilsbach-weiler.de\/hw\/wp-content\/uploads\/2020\/07\/Titel-1.jpg?fit=1200%2C676&ssl=1&resize=350%2C200","width":350,"height":200,"srcset":"https:\/\/i0.wp.com\/kirche-hilsbach-weiler.de\/hw\/wp-content\/uploads\/2020\/07\/Titel-1.jpg?fit=1200%2C676&ssl=1&resize=350%2C200 1x, https:\/\/i0.wp.com\/kirche-hilsbach-weiler.de\/hw\/wp-content\/uploads\/2020\/07\/Titel-1.jpg?fit=1200%2C676&ssl=1&resize=525%2C300 1.5x, https:\/\/i0.wp.com\/kirche-hilsbach-weiler.de\/hw\/wp-content\/uploads\/2020\/07\/Titel-1.jpg?fit=1200%2C676&ssl=1&resize=700%2C400 2x, https:\/\/i0.wp.com\/kirche-hilsbach-weiler.de\/hw\/wp-content\/uploads\/2020\/07\/Titel-1.jpg?fit=1200%2C676&ssl=1&resize=1050%2C600 3x"},"classes":[]},{"id":9389,"url":"https:\/\/kirche-hilsbach-weiler.de\/hw\/?p=9389","url_meta":{"origin":9331,"position":5},"title":"&#8216;Hier bin ich&#8217; &#8211; Predigt als Video und Audio","author":"Carsten Glaser","date":"14. Februar 2021","format":false,"excerpt":"Predigt zu Jesaja 58,1-9a von Jugendreferent Robin Zimmerman vom 14.02.2021, Ev. Kirche Hilsbach https:\/\/youtu.be\/MPeQVv6Z1Bg \"Hier bin ich\", spricht Gott. Warum ihn dann suchen? Mit Jesaja finden wir gemeinsam heraus, wie Distanz zwischen Gott und uns \u00fcberwunden werden kann. Die Audio-Datei finden Sie unter Predigten zum Nachh\u00f6ren. TIPP: \u00dcber unsere neue,\u2026","rel":"","context":"In &quot;Events&quot;","block_context":{"text":"Events","link":"https:\/\/kirche-hilsbach-weiler.de\/hw\/?cat=14"},"img":{"alt_text":"","src":"https:\/\/i0.wp.com\/kirche-hilsbach-weiler.de\/hw\/wp-content\/uploads\/2021\/02\/GoDi-14022021.jpg?fit=1200%2C636&ssl=1&resize=350%2C200","width":350,"height":200,"srcset":"https:\/\/i0.wp.com\/kirche-hilsbach-weiler.de\/hw\/wp-content\/uploads\/2021\/02\/GoDi-14022021.jpg?fit=1200%2C636&ssl=1&resize=350%2C200 1x, https:\/\/i0.wp.com\/kirche-hilsbach-weiler.de\/hw\/wp-content\/uploads\/2021\/02\/GoDi-14022021.jpg?fit=1200%2C636&ssl=1&resize=525%2C300 1.5x, https:\/\/i0.wp.com\/kirche-hilsbach-weiler.de\/hw\/wp-content\/uploads\/2021\/02\/GoDi-14022021.jpg?fit=1200%2C636&ssl=1&resize=700%2C400 2x, https:\/\/i0.wp.com\/kirche-hilsbach-weiler.de\/hw\/wp-content\/uploads\/2021\/02\/GoDi-14022021.jpg?fit=1200%2C636&ssl=1&resize=1050%2C600 3x"},"classes":[]}],"jetpack_sharing_enabled":true,"_links":{"self":[{"href":"https:\/\/kirche-hilsbach-weiler.de\/hw\/index.php?rest_route=\/wp\/v2\/posts\/9331","targetHints":{"allow":["GET"]}}],"collection":[{"href":"https:\/\/kirche-hilsbach-weiler.de\/hw\/index.php?rest_route=\/wp\/v2\/posts"}],"about":[{"href":"https:\/\/kirche-hilsbach-weiler.de\/hw\/index.php?rest_route=\/wp\/v2\/types\/post"}],"author":[{"embeddable":true,"href":"https:\/\/kirche-hilsbach-weiler.de\/hw\/index.php?rest_route=\/wp\/v2\/users\/3"}],"replies":[{"embeddable":true,"href":"https:\/\/kirche-hilsbach-weiler.de\/hw\/index.php?rest_route=%2Fwp%2Fv2%2Fcomments&post=9331"}],"version-history":[{"count":0,"href":"https:\/\/kirche-hilsbach-weiler.de\/hw\/index.php?rest_route=\/wp\/v2\/posts\/9331\/revisions"}],"wp:featuredmedia":[{"embeddable":true,"href":"https:\/\/kirche-hilsbach-weiler.de\/hw\/index.php?rest_route=\/wp\/v2\/media\/9288"}],"wp:attachment":[{"href":"https:\/\/kirche-hilsbach-weiler.de\/hw\/index.php?rest_route=%2Fwp%2Fv2%2Fmedia&parent=9331"}],"wp:term":[{"taxonomy":"category","embeddable":true,"href":"https:\/\/kirche-hilsbach-weiler.de\/hw\/index.php?rest_route=%2Fwp%2Fv2%2Fcategories&post=9331"},{"taxonomy":"post_tag","embeddable":true,"href":"https:\/\/kirche-hilsbach-weiler.de\/hw\/index.php?rest_route=%2Fwp%2Fv2%2Ftags&post=9331"}],"curies":[{"name":"wp","href":"https:\/\/api.w.org\/{rel}","templated":true}]}}