{"id":9898,"date":"2021-10-15T18:05:50","date_gmt":"2021-10-15T16:05:50","guid":{"rendered":"https:\/\/kirche-hilsbach-weiler.de\/hw\/?p=9898"},"modified":"2021-10-15T18:06:46","modified_gmt":"2021-10-15T16:06:46","slug":"konzert-am-reformationstag","status":"publish","type":"post","link":"https:\/\/kirche-hilsbach-weiler.de\/hw\/?p=9898","title":{"rendered":"Konzert am Reformationstag"},"content":{"rendered":"<p><strong>Kurzkonzert an Reformation in der Evangelischen Kirche Weiler<\/strong><\/p>\n<p><img data-recalc-dims=\"1\" loading=\"lazy\" decoding=\"async\" data-attachment-id=\"9899\" data-permalink=\"https:\/\/kirche-hilsbach-weiler.de\/hw\/?attachment_id=9899\" data-orig-file=\"https:\/\/i0.wp.com\/kirche-hilsbach-weiler.de\/hw\/wp-content\/uploads\/2021\/10\/Sabrina-scaled.jpg?fit=2560%2C2560&amp;ssl=1\" data-orig-size=\"2560,2560\" data-comments-opened=\"0\" data-image-meta=\"{&quot;aperture&quot;:&quot;2&quot;,&quot;credit&quot;:&quot;&quot;,&quot;camera&quot;:&quot;H8324&quot;,&quot;caption&quot;:&quot;&quot;,&quot;created_timestamp&quot;:&quot;1604171769&quot;,&quot;copyright&quot;:&quot;&quot;,&quot;focal_length&quot;:&quot;4.4&quot;,&quot;iso&quot;:&quot;1250&quot;,&quot;shutter_speed&quot;:&quot;0.03125&quot;,&quot;title&quot;:&quot;&quot;,&quot;orientation&quot;:&quot;1&quot;}\" data-image-title=\"Sabrina\" data-image-description=\"\" data-image-caption=\"\" data-large-file=\"https:\/\/i0.wp.com\/kirche-hilsbach-weiler.de\/hw\/wp-content\/uploads\/2021\/10\/Sabrina-scaled.jpg?fit=700%2C700&amp;ssl=1\" class=\"alignleft wp-image-9899 size-thumbnail\" src=\"https:\/\/i0.wp.com\/kirche-hilsbach-weiler.de\/hw\/wp-content\/uploads\/2021\/10\/Sabrina.jpg?resize=150%2C150&#038;ssl=1\" alt=\"Sabrina Keller\" width=\"150\" height=\"150\" srcset=\"https:\/\/i0.wp.com\/kirche-hilsbach-weiler.de\/hw\/wp-content\/uploads\/2021\/10\/Sabrina-scaled.jpg?resize=150%2C150&amp;ssl=1 150w, https:\/\/i0.wp.com\/kirche-hilsbach-weiler.de\/hw\/wp-content\/uploads\/2021\/10\/Sabrina-scaled.jpg?resize=300%2C300&amp;ssl=1 300w, https:\/\/i0.wp.com\/kirche-hilsbach-weiler.de\/hw\/wp-content\/uploads\/2021\/10\/Sabrina-scaled.jpg?resize=1024%2C1024&amp;ssl=1 1024w, https:\/\/i0.wp.com\/kirche-hilsbach-weiler.de\/hw\/wp-content\/uploads\/2021\/10\/Sabrina-scaled.jpg?resize=768%2C768&amp;ssl=1 768w, https:\/\/i0.wp.com\/kirche-hilsbach-weiler.de\/hw\/wp-content\/uploads\/2021\/10\/Sabrina-scaled.jpg?resize=1536%2C1536&amp;ssl=1 1536w, https:\/\/i0.wp.com\/kirche-hilsbach-weiler.de\/hw\/wp-content\/uploads\/2021\/10\/Sabrina-scaled.jpg?resize=2048%2C2048&amp;ssl=1 2048w, https:\/\/i0.wp.com\/kirche-hilsbach-weiler.de\/hw\/wp-content\/uploads\/2021\/10\/Sabrina-scaled.jpg?w=1400&amp;ssl=1 1400w, https:\/\/i0.wp.com\/kirche-hilsbach-weiler.de\/hw\/wp-content\/uploads\/2021\/10\/Sabrina-scaled.jpg?w=2100&amp;ssl=1 2100w\" sizes=\"auto, (max-width: 150px) 100vw, 150px\" \/>Am <strong>Sonntag, 31.10.2021 findet um 18.00 Uhr<\/strong> ein Kurzkonzert anl\u00e4sslich des Reformationsfestes in der Evangelischen Kirche Weiler statt.<\/p>\n<p>Nach einer langen Corona-bedingten Pause konnte der Evangelische Kirchenchor Hilsbach im September die Probenarbeit wieder aufnehmen. Zu kurz um ein Konzertprogramm zu erarbeiten. Deshalb wird auch das diesj\u00e4hrige Reformationskonzert von musikalischen G\u00e4sten gestaltet. Sabrina Keller und Ulrich Wunsch sind mit Werken f\u00fcr Gesang bzw. Fl\u00f6te und Orgel zu h\u00f6ren.<\/p>\n<p><img data-recalc-dims=\"1\" loading=\"lazy\" decoding=\"async\" data-attachment-id=\"9900\" data-permalink=\"https:\/\/kirche-hilsbach-weiler.de\/hw\/?attachment_id=9900\" data-orig-file=\"https:\/\/i0.wp.com\/kirche-hilsbach-weiler.de\/hw\/wp-content\/uploads\/2021\/10\/Ulrich-scaled.jpg?fit=2560%2C2560&amp;ssl=1\" data-orig-size=\"2560,2560\" data-comments-opened=\"0\" data-image-meta=\"{&quot;aperture&quot;:&quot;2&quot;,&quot;credit&quot;:&quot;&quot;,&quot;camera&quot;:&quot;H8324&quot;,&quot;caption&quot;:&quot;&quot;,&quot;created_timestamp&quot;:&quot;1604171248&quot;,&quot;copyright&quot;:&quot;&quot;,&quot;focal_length&quot;:&quot;4.4&quot;,&quot;iso&quot;:&quot;400&quot;,&quot;shutter_speed&quot;:&quot;0.0625&quot;,&quot;title&quot;:&quot;&quot;,&quot;orientation&quot;:&quot;1&quot;}\" data-image-title=\"Ulrich\" data-image-description=\"\" data-image-caption=\"\" data-large-file=\"https:\/\/i0.wp.com\/kirche-hilsbach-weiler.de\/hw\/wp-content\/uploads\/2021\/10\/Ulrich-scaled.jpg?fit=700%2C700&amp;ssl=1\" class=\"alignleft wp-image-9900 size-thumbnail\" src=\"https:\/\/i0.wp.com\/kirche-hilsbach-weiler.de\/hw\/wp-content\/uploads\/2021\/10\/Ulrich.jpg?resize=150%2C150&#038;ssl=1\" alt=\"Ulrich Wunsch\" width=\"150\" height=\"150\" srcset=\"https:\/\/i0.wp.com\/kirche-hilsbach-weiler.de\/hw\/wp-content\/uploads\/2021\/10\/Ulrich-scaled.jpg?resize=150%2C150&amp;ssl=1 150w, https:\/\/i0.wp.com\/kirche-hilsbach-weiler.de\/hw\/wp-content\/uploads\/2021\/10\/Ulrich-scaled.jpg?resize=300%2C300&amp;ssl=1 300w, https:\/\/i0.wp.com\/kirche-hilsbach-weiler.de\/hw\/wp-content\/uploads\/2021\/10\/Ulrich-scaled.jpg?resize=1024%2C1024&amp;ssl=1 1024w, https:\/\/i0.wp.com\/kirche-hilsbach-weiler.de\/hw\/wp-content\/uploads\/2021\/10\/Ulrich-scaled.jpg?resize=768%2C768&amp;ssl=1 768w, https:\/\/i0.wp.com\/kirche-hilsbach-weiler.de\/hw\/wp-content\/uploads\/2021\/10\/Ulrich-scaled.jpg?resize=1536%2C1536&amp;ssl=1 1536w, https:\/\/i0.wp.com\/kirche-hilsbach-weiler.de\/hw\/wp-content\/uploads\/2021\/10\/Ulrich-scaled.jpg?resize=2048%2C2048&amp;ssl=1 2048w, https:\/\/i0.wp.com\/kirche-hilsbach-weiler.de\/hw\/wp-content\/uploads\/2021\/10\/Ulrich-scaled.jpg?w=1400&amp;ssl=1 1400w, https:\/\/i0.wp.com\/kirche-hilsbach-weiler.de\/hw\/wp-content\/uploads\/2021\/10\/Ulrich-scaled.jpg?w=2100&amp;ssl=1 2100w\" sizes=\"auto, (max-width: 150px) 100vw, 150px\" \/>Bei diesem Konzert gilt die 3G-Regel und Maskenpflicht. <strong>Anmeldung bitte bis zum 28.10.2021 im Pfarramt unter der Telefonnummer 07260-317 oder per E-Mail <a href=\"m&#97;&#105;&#x6c;&#x74;o:&#112;&#102;&#x61;&#x72;ra&#109;&#116;&#x40;&#x6b;ir&#99;&#x68;&#x65;&#x2d;h&#105;&#108;&#x73;&#x62;&#x61;c&#104;&#45;&#x77;&#x65;&#x69;l&#101;&#114;&#x2e;&#x64;&#x65;\">p&#102;&#97;&#x72;&#x72;&#x61;&#x6d;t&#64;&#107;&#105;&#x72;&#x63;&#x68;e-&#104;&#105;&#x6c;&#x73;&#x62;ac&#104;&#45;&#x77;&#x65;&#x69;le&#114;&#46;&#x64;&#x65;<\/a><\/strong><\/p>\n<p>Der Eintritt zu dem Konzert ist frei. Um eine Spende f\u00fcr die kirchenmusikalische Arbeit der Kirchengemeinde wird gebeten.<\/p>\n","protected":false},"excerpt":{"rendered":"<p>Kurzkonzert an Reformation in der Evangelischen Kirche Weiler Am Sonntag, 31.10.2021 findet um 18.00 Uhr ein Kurzkonzert anl\u00e4sslich des Reformationsfestes in der Evangelischen Kirche Weiler statt. Nach einer langen Corona-bedingten Pause konnte der Evangelische Kirchenchor Hilsbach im September die Probenarbeit wieder aufnehmen. Zu kurz um ein Konzertprogramm zu erarbeiten. Deshalb wird auch das diesj\u00e4hrige Reformationskonzert &#8230; <span class=\"more\"><a class=\"more-link\" href=\"https:\/\/kirche-hilsbach-weiler.de\/hw\/?p=9898\">[Weiter&#8230;]<\/a><\/span><\/p>\n","protected":false},"author":3,"featured_media":9899,"comment_status":"closed","ping_status":"closed","sticky":false,"template":"","format":"standard","meta":{"ngg_post_thumbnail":0,"_jetpack_newsletter_access":"","_jetpack_dont_email_post_to_subs":false,"_jetpack_newsletter_tier_id":0,"_jetpack_memberships_contains_paywalled_content":false,"_jetpack_memberships_contains_paid_content":false,"footnotes":""},"categories":[14,42],"tags":[55,180,113],"class_list":{"0":"entry","1":"post","2":"publish","3":"author-cglaser","4":"post-9898","6":"format-standard","7":"has-post-thumbnail","8":"category-events","9":"category-news","10":"post_tag-kirchenmusik","11":"post_tag-konzert","12":"post_tag-musik"},"jetpack_featured_media_url":"https:\/\/i0.wp.com\/kirche-hilsbach-weiler.de\/hw\/wp-content\/uploads\/2021\/10\/Sabrina-scaled.jpg?fit=2560%2C2560&ssl=1","jetpack_shortlink":"https:\/\/wp.me\/p4vBdR-2zE","jetpack_likes_enabled":false,"jetpack-related-posts":[{"id":4217,"url":"https:\/\/kirche-hilsbach-weiler.de\/hw\/?p=4217","url_meta":{"origin":9898,"position":0},"title":"Konzertreihe wird fortgesetzt","author":"Carsten Glaser","date":"11. Oktober 2015","format":false,"excerpt":"- auf SalzCH\u00d6Rner folgt invocanto Die Zeit von Oktober bis Dezember ist in diesem Jahr unser 'kirchenmusikalisches Quartal', denn in diesem Zeitraum sind die evangelischen Kirchen in Hilsbach und Weiler Austragungsorte zahlreicher Konzertveranstaltungen unterschiedlichster Art: Bereits Anfang Oktober wurde die Reihe von den SalzCH\u00d6Rnern mit ihrem Programm 'Anker in der\u2026","rel":"","context":"In &quot;News&quot;","block_context":{"text":"News","link":"https:\/\/kirche-hilsbach-weiler.de\/hw\/?cat=42"},"img":{"alt_text":"","src":"https:\/\/i0.wp.com\/kirche-hilsbach-weiler.de\/hw\/wp-content\/uploads\/2015\/10\/SalzCH%C3%96Rner-Konzert7.jpg?fit=1200%2C883&ssl=1&resize=350%2C200","width":350,"height":200,"srcset":"https:\/\/i0.wp.com\/kirche-hilsbach-weiler.de\/hw\/wp-content\/uploads\/2015\/10\/SalzCH%C3%96Rner-Konzert7.jpg?fit=1200%2C883&ssl=1&resize=350%2C200 1x, https:\/\/i0.wp.com\/kirche-hilsbach-weiler.de\/hw\/wp-content\/uploads\/2015\/10\/SalzCH%C3%96Rner-Konzert7.jpg?fit=1200%2C883&ssl=1&resize=525%2C300 1.5x, https:\/\/i0.wp.com\/kirche-hilsbach-weiler.de\/hw\/wp-content\/uploads\/2015\/10\/SalzCH%C3%96Rner-Konzert7.jpg?fit=1200%2C883&ssl=1&resize=700%2C400 2x, https:\/\/i0.wp.com\/kirche-hilsbach-weiler.de\/hw\/wp-content\/uploads\/2015\/10\/SalzCH%C3%96Rner-Konzert7.jpg?fit=1200%2C883&ssl=1&resize=1050%2C600 3x"},"classes":[]},{"id":5852,"url":"https:\/\/kirche-hilsbach-weiler.de\/hw\/?p=5852","url_meta":{"origin":9898,"position":1},"title":"&#8211; KONZERT ZUR REFORMATION &#8211; Last Minute","author":"Administrator","date":"3. November 2017","format":false,"excerpt":"Konzert des Evangelischen Kirchenchors Hilsbach Am Sonntag, 5. November um 18.00h l\u00e4dt der evangelische Kirchenchor Hilsbach zu einem Konzert anl\u00e4sslich des Reformationsfestes in die evangelischen Kirche Hilsbach ein. Zusammen mit den Solisten Sophie-Louise Stengel (Sopran), Jasmin Joos (Alt) und Marc Hagmaier (Bass) sowie Instrumentalisten werden barocke Werke aufgef\u00fchrt. Unter anderem\u2026","rel":"","context":"In &quot;Events&quot;","block_context":{"text":"Events","link":"https:\/\/kirche-hilsbach-weiler.de\/hw\/?cat=14"},"img":{"alt_text":"","src":"https:\/\/i0.wp.com\/kirche-hilsbach-weiler.de\/hw\/wp-content\/uploads\/2017\/11\/Plakat_Reformation_2017_Hilsbach_korr2.jpg?fit=848%2C1200&ssl=1&resize=350%2C200","width":350,"height":200,"srcset":"https:\/\/i0.wp.com\/kirche-hilsbach-weiler.de\/hw\/wp-content\/uploads\/2017\/11\/Plakat_Reformation_2017_Hilsbach_korr2.jpg?fit=848%2C1200&ssl=1&resize=350%2C200 1x, https:\/\/i0.wp.com\/kirche-hilsbach-weiler.de\/hw\/wp-content\/uploads\/2017\/11\/Plakat_Reformation_2017_Hilsbach_korr2.jpg?fit=848%2C1200&ssl=1&resize=525%2C300 1.5x, https:\/\/i0.wp.com\/kirche-hilsbach-weiler.de\/hw\/wp-content\/uploads\/2017\/11\/Plakat_Reformation_2017_Hilsbach_korr2.jpg?fit=848%2C1200&ssl=1&resize=700%2C400 2x"},"classes":[]},{"id":10942,"url":"https:\/\/kirche-hilsbach-weiler.de\/hw\/?p=10942","url_meta":{"origin":9898,"position":2},"title":"Konzert in Hilsbach","author":"Carsten Glaser","date":"29. Oktober 2023","format":false,"excerpt":"Konzert des Evangelischen Kirchenchores Hilsbach Am Sonntag, 5. November 2023 um 18.00 Uhr l\u00e4dt der Evangelische Kirchenchor Hilsbach zu seinem Konzert anl\u00e4sslich des Reformationsfestes in die Evangelische Kirche Hilsbach ein. Zur Auff\u00fchrung kommen alte und neue geistliche Lieder aus verschiedenen Epochen. Als Instrumentalisten sind Katja Prischmann-Zima an der Oboe und\u2026","rel":"","context":"In &quot;Events&quot;","block_context":{"text":"Events","link":"https:\/\/kirche-hilsbach-weiler.de\/hw\/?cat=14"},"img":{"alt_text":"","src":"https:\/\/i0.wp.com\/kirche-hilsbach-weiler.de\/hw\/wp-content\/uploads\/2023\/10\/Konzert-Kirchenchor-Hilsbach-2023-11-05.jpg?fit=672%2C928&ssl=1&resize=350%2C200","width":350,"height":200,"srcset":"https:\/\/i0.wp.com\/kirche-hilsbach-weiler.de\/hw\/wp-content\/uploads\/2023\/10\/Konzert-Kirchenchor-Hilsbach-2023-11-05.jpg?fit=672%2C928&ssl=1&resize=350%2C200 1x, https:\/\/i0.wp.com\/kirche-hilsbach-weiler.de\/hw\/wp-content\/uploads\/2023\/10\/Konzert-Kirchenchor-Hilsbach-2023-11-05.jpg?fit=672%2C928&ssl=1&resize=525%2C300 1.5x"},"classes":[]},{"id":11312,"url":"https:\/\/kirche-hilsbach-weiler.de\/hw\/?p=11312","url_meta":{"origin":9898,"position":3},"title":"Konzert des Evangelischen Kirchenchors Hilsbach","author":"Carsten Glaser","date":"24. Oktober 2024","format":false,"excerpt":"Am Sonntag, 3. November 2024 um 18.00 Uhr l\u00e4dt der Evangelische Kirchenchor Hilsbach zu seinem Konzert anl\u00e4sslich des Reformationsfestes in die Evangelische Michaelskirche Hilsbach ein. Zur Auff\u00fchrung kommen neue geistliche Lieder. Als Instrumentalisten sind Felicitas Pletsch an der Querfl\u00f6te und Uli Wunsch am Klavier zu h\u00f6ren. Die Leitung hat Sabrina\u2026","rel":"","context":"In &quot;Events&quot;","block_context":{"text":"Events","link":"https:\/\/kirche-hilsbach-weiler.de\/hw\/?cat=14"},"img":{"alt_text":"","src":"https:\/\/i0.wp.com\/kirche-hilsbach-weiler.de\/hw\/wp-content\/uploads\/2024\/10\/KirchenchorHilsbach2024.jpg?fit=848%2C1200&ssl=1&resize=350%2C200","width":350,"height":200,"srcset":"https:\/\/i0.wp.com\/kirche-hilsbach-weiler.de\/hw\/wp-content\/uploads\/2024\/10\/KirchenchorHilsbach2024.jpg?fit=848%2C1200&ssl=1&resize=350%2C200 1x, https:\/\/i0.wp.com\/kirche-hilsbach-weiler.de\/hw\/wp-content\/uploads\/2024\/10\/KirchenchorHilsbach2024.jpg?fit=848%2C1200&ssl=1&resize=525%2C300 1.5x, https:\/\/i0.wp.com\/kirche-hilsbach-weiler.de\/hw\/wp-content\/uploads\/2024\/10\/KirchenchorHilsbach2024.jpg?fit=848%2C1200&ssl=1&resize=700%2C400 2x"},"classes":[]},{"id":8632,"url":"https:\/\/kirche-hilsbach-weiler.de\/hw\/?p=8632","url_meta":{"origin":9898,"position":4},"title":"Kurzkonzert an Reformation in der Michaelskirche Hilsbach","author":"Carsten Glaser","date":"21. Oktober 2020","format":false,"excerpt":"Am Samstag, 31.10.2020 findet um 19.00 Uhr ein halbst\u00fcndiges Kurzkonzert anl\u00e4sslich des Reformationsfestes in der Evangelischen Michaelskirche Hilsbach statt. Auch beim traditionellen Reformationskonzert des Evangelischen Kirchenchors Hilsbach sorgen die Auswirkungen der Corona-Pandemie in diesem Jahr f\u00fcr Ver\u00e4nderungen. Da eine Probenarbeit \u00fcber weite Strecken nicht m\u00f6glich war und der Schutz der\u2026","rel":"","context":"In &quot;Events&quot;","block_context":{"text":"Events","link":"https:\/\/kirche-hilsbach-weiler.de\/hw\/?cat=14"},"img":{"alt_text":"","src":"https:\/\/i0.wp.com\/kirche-hilsbach-weiler.de\/hw\/wp-content\/uploads\/2020\/10\/Plakat2.jpg?fit=962%2C1200&ssl=1&resize=350%2C200","width":350,"height":200,"srcset":"https:\/\/i0.wp.com\/kirche-hilsbach-weiler.de\/hw\/wp-content\/uploads\/2020\/10\/Plakat2.jpg?fit=962%2C1200&ssl=1&resize=350%2C200 1x, https:\/\/i0.wp.com\/kirche-hilsbach-weiler.de\/hw\/wp-content\/uploads\/2020\/10\/Plakat2.jpg?fit=962%2C1200&ssl=1&resize=525%2C300 1.5x, https:\/\/i0.wp.com\/kirche-hilsbach-weiler.de\/hw\/wp-content\/uploads\/2020\/10\/Plakat2.jpg?fit=962%2C1200&ssl=1&resize=700%2C400 2x"},"classes":[]},{"id":3155,"url":"https:\/\/kirche-hilsbach-weiler.de\/hw\/?p=3155","url_meta":{"origin":9898,"position":5},"title":"Konzert des evangelischen Kirchenchors Hilsbach","author":"Administrator","date":"23. Oktober 2014","format":false,"excerpt":"Am Sonntag, 2. November um 19 Uhr, l\u00e4dt der evangelische Kirchenchor Hilsbach mit seinen Projekts\u00e4ngerinnen und -s\u00e4ngern zu einem Konzert anl\u00e4sslich des Reformationsfestes ein. Das Konzert wird unter der Leitung von Sabrina Keller in der evangelischen Kirche Hilsbach stattfinden. Zusammen mit Instrumentalisten des Ensemble Cantico werden die Kantate \"Alles was\u2026","rel":"","context":"In &quot;News&quot;","block_context":{"text":"News","link":"https:\/\/kirche-hilsbach-weiler.de\/hw\/?cat=42"},"img":{"alt_text":"","src":"https:\/\/i0.wp.com\/kirche-hilsbach-weiler.de\/hw\/wp-content\/uploads\/2014\/07\/Konzert-zur-Reformation-Hilsbach-Kopie.jpg?fit=845%2C1200&ssl=1&resize=350%2C200","width":350,"height":200,"srcset":"https:\/\/i0.wp.com\/kirche-hilsbach-weiler.de\/hw\/wp-content\/uploads\/2014\/07\/Konzert-zur-Reformation-Hilsbach-Kopie.jpg?fit=845%2C1200&ssl=1&resize=350%2C200 1x, https:\/\/i0.wp.com\/kirche-hilsbach-weiler.de\/hw\/wp-content\/uploads\/2014\/07\/Konzert-zur-Reformation-Hilsbach-Kopie.jpg?fit=845%2C1200&ssl=1&resize=525%2C300 1.5x, https:\/\/i0.wp.com\/kirche-hilsbach-weiler.de\/hw\/wp-content\/uploads\/2014\/07\/Konzert-zur-Reformation-Hilsbach-Kopie.jpg?fit=845%2C1200&ssl=1&resize=700%2C400 2x"},"classes":[]}],"jetpack_sharing_enabled":true,"_links":{"self":[{"href":"https:\/\/kirche-hilsbach-weiler.de\/hw\/index.php?rest_route=\/wp\/v2\/posts\/9898","targetHints":{"allow":["GET"]}}],"collection":[{"href":"https:\/\/kirche-hilsbach-weiler.de\/hw\/index.php?rest_route=\/wp\/v2\/posts"}],"about":[{"href":"https:\/\/kirche-hilsbach-weiler.de\/hw\/index.php?rest_route=\/wp\/v2\/types\/post"}],"author":[{"embeddable":true,"href":"https:\/\/kirche-hilsbach-weiler.de\/hw\/index.php?rest_route=\/wp\/v2\/users\/3"}],"replies":[{"embeddable":true,"href":"https:\/\/kirche-hilsbach-weiler.de\/hw\/index.php?rest_route=%2Fwp%2Fv2%2Fcomments&post=9898"}],"version-history":[{"count":0,"href":"https:\/\/kirche-hilsbach-weiler.de\/hw\/index.php?rest_route=\/wp\/v2\/posts\/9898\/revisions"}],"wp:featuredmedia":[{"embeddable":true,"href":"https:\/\/kirche-hilsbach-weiler.de\/hw\/index.php?rest_route=\/wp\/v2\/media\/9899"}],"wp:attachment":[{"href":"https:\/\/kirche-hilsbach-weiler.de\/hw\/index.php?rest_route=%2Fwp%2Fv2%2Fmedia&parent=9898"}],"wp:term":[{"taxonomy":"category","embeddable":true,"href":"https:\/\/kirche-hilsbach-weiler.de\/hw\/index.php?rest_route=%2Fwp%2Fv2%2Fcategories&post=9898"},{"taxonomy":"post_tag","embeddable":true,"href":"https:\/\/kirche-hilsbach-weiler.de\/hw\/index.php?rest_route=%2Fwp%2Fv2%2Ftags&post=9898"}],"curies":[{"name":"wp","href":"https:\/\/api.w.org\/{rel}","templated":true}]}}